{"id":1370,"date":"2015-10-04T12:27:49","date_gmt":"2015-10-04T10:27:49","guid":{"rendered":"http:\/\/www.kobzavajk.com\/web\/?p=1370"},"modified":"2020-05-17T10:51:53","modified_gmt":"2020-05-17T08:51:53","slug":"kobza-vajk-es-ruba-szilvia-kiallitasa-lathato-az-idei-ii-eljetek-halottak-fesztivalon-2015","status":"publish","type":"post","link":"https:\/\/www.kobzavajk.com\/web\/kobza-vajk-es-ruba-szilvia-kiallitasa-lathato-az-idei-ii-eljetek-halottak-fesztivalon-2015\/","title":{"rendered":"Kobza Vajk \u00e9s Ruba Szilvia Eredend\u0151 c. ki\u00e1ll\u00edt\u00e1sa l\u00e1that\u00f3 az idei II. \u00c9ljetek Halottak Fesztiv\u00e1lon! 2015"},"content":{"rendered":"<p><span style=\"color: #ffffff;\">Kobza Vajk \u00e9s Ruba Szilvia Eredend\u0151 c. ki\u00e1ll\u00edt\u00e1sa l\u00e1that\u00f3 az idei II. \u00c9ljetek Halottak Fesztiv\u00e1lon!<\/span><\/p>\n<p><span style=\"color: #ffffff;\">II. \u00c9ljetek Halottak Fesztiv\u00e1l<\/span><br \/>\n<span style=\"color: #ffffff;\">Id\u0151: 2015.10.31 &#8211; Szombat 15:00<\/span><br \/>\n<span style=\"color: #ffffff;\">Helysz\u00edn: VLS &#8211; Vajda Lajos St\u00fadi\u00f3 Pince<\/span><br \/>\n<span style=\"color: #ffffff;\">2000 Szentendre P\u00e9ter P\u00e1l u. 6<\/span><\/p>\n<p><span style=\"color: #ffffff;\">A rendezv\u00e9nyen a m\u00e1sodik k\u00f6z\u00f6s ki\u00e1ll\u00edt\u00e1sa l\u00e1that\u00f3 Kobza Vajknak \u00e9s Ruba Szilvi\u00e1nak. A fesztiv\u00e1lon ki\u00e1ll\u00edtott k\u00e9pek gondolati alapk\u00f6ve, hogy a szellemvil\u00e1g \u00e9s a l\u00e1tszatvil\u00e1g k\u00f6z\u00f6tti hidat ki\u00e9p\u00edts\u00fck, fenntartsuk \u00e9s meg\u00e9lj\u00fck. A h\u00edd ki\u00e9p\u00edt\u00e9s\u00e9ben seg\u00edts\u00e9g\u00fcnkre van t\u00f6bbek k\u00f6z\u00f6tt a prehisztorikum s\u00e1m\u00e1nvil\u00e1g\u00e1nak jelk\u00e9pei, piktogramok, melyek minden \u201cciviliz\u00e1lt\u201d m\u0171v\u00e9szeti befoly\u00e1st\u00f3l mentesek, k\u00f6zvetlen kapcsolatot, \u00e9rintkez\u00e9st alak\u00edtanak ki a term\u00e9szetszellemek vil\u00e1g\u00e1val. Az \u201ceredend\u0151\u201d k\u00e9p-szeletei \u00e9s a kozmosz folyamat\u00e1br\u00e1i \u00fagy jelennek meg a mer\u00edtett pap\u00edrjaikon, mintha val\u00f3ban barlangrajzokat l\u00e1tn\u00e1nk. A pap\u00edr text\u00far\u00e1ja is ezt az els\u0151dleges \u201calkot\u00f3i megnyilv\u00e1nul\u00e1st\u201d sugallja, ugyanakkor nincsenek k\u00e9pz\u0151m\u0171v\u00e9szeti ind\u00edt\u00e9kaik. M\u00e9gis mondhatjuk, hogy a hazai pszichedelikus, illetve a \u201cf\u00f6ld al\u00e1 k\u00e9nyszer\u00edtett\u201d m\u0171v\u00e9szet meg\u00fajul\u00f3, tiszt\u00e1n k\u00f6zvet\u00edteni tud\u00f3 mell\u00e9k\u00e1gai. A most \u00e9s itt \u00e1llapot\u00e1ban id\u00e9znek t\u00f6bb t\u00edzezer \u00e9veket zavarba ejt\u0151 k\u00f6nnyeds\u00e9ggel. Az alkot\u00e1sokon a form\u00e1k s a rajtuk megjelen\u0151 l\u00e9nyek l\u00e1tsz\u00f3lag a k\u00e9pzelet \u00e9s a realit\u00e1s hat\u00e1r\u00e1t s\u00farolj\u00e1k. De att\u00f3l, hogy valamit nem ismer\u00fcnk, az nem jelenti azt, hogy az a valami nem is l\u00e9tezik \u2013 egy indi\u00e1n mond\u00e1s szerint. Egy biztos, a k\u00e9peket eln\u00e9zve a l\u00e1that\u00f3 \u00e9s a l\u00e1thatatlan vil\u00e1g v\u00e9gk\u00e9p elmos\u00f3dni l\u00e1tszik \u00e9s nem kell meglep\u0151dn\u00fcnk, ha a k\u00e9pek mereng\u00e9se k\u00f6zben az \u00f6sszes \u0151s szelleme sejtjeinkben morz\u00e9zni kezd. De az els\u0151 l\u00e9p\u00e9st fel\u00e9j\u00fck, mint minden \u00faton nek\u00fcnk kell megl\u00e9pni. Nem tehetsz m\u00e1st: T\u00e1rd ki a tudatod s ismerd meg \u201ceredend\u0151\u201d \u00f6nmagad!<\/span><\/p>\n","protected":false},"excerpt":{"rendered":"<p>Kobza Vajk \u00e9s Ruba Szilvia Eredend\u0151 c. ki\u00e1ll\u00edt\u00e1sa l\u00e1that\u00f3 az idei II. \u00c9ljetek Halottak Fesztiv\u00e1lon! II. \u00c9ljetek Halottak Fesztiv\u00e1l Id\u0151:<\/p>\n","protected":false},"author":1,"featured_media":1408,"comment_status":"closed","ping_status":"closed","sticky":false,"template":"","format":"standard","meta":{"footnotes":""},"categories":[1],"tags":[43,40,28,41,15,27,23,29,42],"_links":{"self":[{"href":"https:\/\/www.kobzavajk.com\/web\/wp-json\/wp\/v2\/posts\/1370"}],"collection":[{"href":"https:\/\/www.kobzavajk.com\/web\/wp-json\/wp\/v2\/posts"}],"about":[{"href":"https:\/\/www.kobzavajk.com\/web\/wp-json\/wp\/v2\/types\/post"}],"author":[{"embeddable":true,"href":"https:\/\/www.kobzavajk.com\/web\/wp-json\/wp\/v2\/users\/1"}],"replies":[{"embeddable":true,"href":"https:\/\/www.kobzavajk.com\/web\/wp-json\/wp\/v2\/comments?post=1370"}],"version-history":[{"count":0,"href":"https:\/\/www.kobzavajk.com\/web\/wp-json\/wp\/v2\/posts\/1370\/revisions"}],"wp:featuredmedia":[{"embeddable":true,"href":"https:\/\/www.kobzavajk.com\/web\/wp-json\/wp\/v2\/media\/1408"}],"wp:attachment":[{"href":"https:\/\/www.kobzavajk.com\/web\/wp-json\/wp\/v2\/media?parent=1370"}],"wp:term":[{"taxonomy":"category","embeddable":true,"href":"https:\/\/www.kobzavajk.com\/web\/wp-json\/wp\/v2\/categories?post=1370"},{"taxonomy":"post_tag","embeddable":true,"href":"https:\/\/www.kobzavajk.com\/web\/wp-json\/wp\/v2\/tags?post=1370"}],"curies":[{"name":"wp","href":"https:\/\/api.w.org\/{rel}","templated":true}]}}