{"id":1549,"date":"2011-03-12T20:02:11","date_gmt":"2011-03-12T18:02:11","guid":{"rendered":"http:\/\/www.kobzavajk.com\/web\/?p=1549"},"modified":"2020-09-16T14:22:55","modified_gmt":"2020-09-16T12:22:55","slug":"csendkiraly","status":"publish","type":"post","link":"https:\/\/www.kobzavajk.com\/web\/csendkiraly\/","title":{"rendered":"Csendkir\u00e1ly"},"content":{"rendered":"<p><span style=\"color: #ffcc00;\">Csendkir\u00e1ly<\/span><\/p>\n<p><span style=\"color: #ffffff;\">L\u00e1ng-tengeren utaz\u00f3 tutajos partot \u00e9r,<\/span><br \/>\n<span style=\"color: #ffffff;\">hol csendkir\u00e1ly honol.<\/span><br \/>\n<span style=\"color: #ffffff;\">Ragyog\u00f3 k\u00f6vekkel kirakott n\u00e9mas\u00e1g-pal\u00e1stban \u00fcl,<\/span><br \/>\n<span style=\"color: #ffffff;\">kir\u00e1lyk\u00e9k templom\u00e1ban.<\/span><\/p>\n<p><span style=\"color: #ffffff;\">L\u00e1tja bennem \u0151t, aki n\u00e9z.<\/span><br \/>\n<span style=\"color: #ffffff;\">Nincs sz\u00e1monk\u00e9r\u00e9s.<\/span><br \/>\n<span style=\"color: #ffffff;\">Ismeri csillagutaz\u00f3 eredetem.<\/span><\/p>\n<p><span style=\"color: #ffffff;\">S m\u00falnak<\/span><br \/>\n<span style=\"color: #ffffff;\">az \u00e9rtetlen tekintetek,<\/span><br \/>\n<span style=\"color: #ffffff;\">a tartalom n\u00e9lk\u00fcli besz\u00e9dek,<\/span><br \/>\n<span style=\"color: #ffffff;\">a lyukas szavak,<\/span><br \/>\n<span style=\"color: #ffffff;\">a semmib\u0151l kiboml\u00f3 pokoli zajok,<\/span><br \/>\n<span style=\"color: #ffffff;\">a mellkasomon \u00fcl\u0151, m\u00e9rgez\u0151, mar\u00f3 savak.<\/span><br \/>\n<span style=\"color: #ffffff;\">Nincs t\u00f6bb f\u00e1jdalom.<\/span><\/p>\n<p><span style=\"color: #ffffff;\">K\u00f6nnycseppeket sz\u00edv a szikes t\u00e1j.<\/span><br \/>\n<span style=\"color: #ffffff;\">Fa leszek, gy\u00f6kereim m\u00e9lybe ny\u00falnak!<\/span><br \/>\n<span style=\"color: #ffffff;\">\u00c9rzem, lombok takarj\u00e1k el az igazs\u00e1got.<\/span><br \/>\n<span style=\"color: #ffffff;\">Kellemes langymeleg az \u00e9j,<\/span><br \/>\n<span style=\"color: #ffffff;\">pisl\u00e1kol\u00f3k cs\u00fcngnek a kifesz\u00edtett b\u00far\u00e1n.<\/span><br \/>\n<span style=\"color: #ffffff;\">Duruzsolnak.<\/span><br \/>\n<span style=\"color: #ffffff;\">Nyelv\u00fcket valaha ismertem s \u00e9rzem \u00fajra tudni fogom.<\/span><\/p>\n<p><span style=\"color: #ffffff;\">\u00c9s te ott \u00fcl\u0151! Elj\u00f6ssz \u00e9rtem akkor?!<\/span><\/p>\n<p><span style=\"color: #ffffff;\">Ne siess!<\/span><br \/>\n<span style=\"color: #ffffff;\">Ne siess csendkir\u00e1ly!<\/span><\/p>\n<p><span style=\"color: #ffffff;\">2011 K.V.<\/span><\/p>\n","protected":false},"excerpt":{"rendered":"<p>Csendkir\u00e1ly L\u00e1ng-tengeren utaz\u00f3 tutajos partot \u00e9r, hol csendkir\u00e1ly honol. Ragyog\u00f3 k\u00f6vekkel kirakott n\u00e9mas\u00e1g-pal\u00e1stban \u00fcl, kir\u00e1lyk\u00e9k templom\u00e1ban. L\u00e1tja bennem \u0151t, aki<\/p>\n","protected":false},"author":1,"featured_media":0,"comment_status":"closed","ping_status":"closed","sticky":false,"template":"","format":"standard","meta":{"footnotes":""},"categories":[30],"tags":[123,38],"_links":{"self":[{"href":"https:\/\/www.kobzavajk.com\/web\/wp-json\/wp\/v2\/posts\/1549"}],"collection":[{"href":"https:\/\/www.kobzavajk.com\/web\/wp-json\/wp\/v2\/posts"}],"about":[{"href":"https:\/\/www.kobzavajk.com\/web\/wp-json\/wp\/v2\/types\/post"}],"author":[{"embeddable":true,"href":"https:\/\/www.kobzavajk.com\/web\/wp-json\/wp\/v2\/users\/1"}],"replies":[{"embeddable":true,"href":"https:\/\/www.kobzavajk.com\/web\/wp-json\/wp\/v2\/comments?post=1549"}],"version-history":[{"count":0,"href":"https:\/\/www.kobzavajk.com\/web\/wp-json\/wp\/v2\/posts\/1549\/revisions"}],"wp:attachment":[{"href":"https:\/\/www.kobzavajk.com\/web\/wp-json\/wp\/v2\/media?parent=1549"}],"wp:term":[{"taxonomy":"category","embeddable":true,"href":"https:\/\/www.kobzavajk.com\/web\/wp-json\/wp\/v2\/categories?post=1549"},{"taxonomy":"post_tag","embeddable":true,"href":"https:\/\/www.kobzavajk.com\/web\/wp-json\/wp\/v2\/tags?post=1549"}],"curies":[{"name":"wp","href":"https:\/\/api.w.org\/{rel}","templated":true}]}}