{"id":2010,"date":"2017-01-05T22:12:12","date_gmt":"2017-01-05T20:12:12","guid":{"rendered":"http:\/\/www.kobzavajk.com\/web\/?p=2010"},"modified":"2017-01-05T22:13:14","modified_gmt":"2017-01-05T20:13:14","slug":"dal-a-kilenc-vilagrol-kiallitasmegnyito-es-koncert-vacon-2017-01-13","status":"publish","type":"post","link":"https:\/\/www.kobzavajk.com\/web\/dal-a-kilenc-vilagrol-kiallitasmegnyito-es-koncert-vacon-2017-01-13\/","title":{"rendered":"Dal a kilenc vil\u00e1gr\u00f3l &#8211; Ki\u00e1ll\u00edt\u00e1smegnyit\u00f3 \u00e9s Koncert V\u00e1con! 2017.01.13"},"content":{"rendered":"<p>&nbsp;<\/p>\n<p><span class=\"_4n-j _3cht fsl\"><img loading=\"lazy\" decoding=\"async\" class=\"aligncenter wp-image-2011\" src=\"http:\/\/www.kobzavajk.com\/web\/wp-content\/uploads\/2017\/01\/ki\u00e1ll\u00edt\u00e1s.jpg\" alt=\"\" width=\"630\" height=\"445\" srcset=\"https:\/\/www.kobzavajk.com\/web\/wp-content\/uploads\/2017\/01\/ki\u00e1ll\u00edt\u00e1s.jpg 2048w, https:\/\/www.kobzavajk.com\/web\/wp-content\/uploads\/2017\/01\/ki\u00e1ll\u00edt\u00e1s-300x212.jpg 300w, https:\/\/www.kobzavajk.com\/web\/wp-content\/uploads\/2017\/01\/ki\u00e1ll\u00edt\u00e1s-768x543.jpg 768w, https:\/\/www.kobzavajk.com\/web\/wp-content\/uploads\/2017\/01\/ki\u00e1ll\u00edt\u00e1s-1024x724.jpg 1024w\" sizes=\"(max-width: 630px) 100vw, 630px\" \/><\/span><\/p>\n<p style=\"text-align: center;\"><span class=\"_4n-j _3cht fsl\">Weixelbaum Laura: Dal a kilenc vil\u00e1gr\u00f3l c\u00edm\u0171 ki\u00e1ll\u00edt\u00e1sa<\/span><\/p>\n<p style=\"text-align: center;\">Esem\u00e9ny a Facebook-on: <span style=\"color: #ffcc00;\"><a style=\"color: #ffcc00;\" href=\"http:\/\/www.facebook.com\/events\/357025564661765\/\" target=\"_blank\" rel=\"noopener\">www.facebook.com\/events\/357025564661765\/<\/a><\/span><\/p>\n<p style=\"text-align: center;\"><span class=\"_4n-j _3cht fsl\"><br \/>\nMegnyitja: John Morgan, USA (\u00edr\u00f3, szerkeszt\u0151, k\u00f6nyvkiad\u00f3)<br \/>\nVerseib\u0151l felolvas: Simonka Tam\u00e1s<br \/>\nKoncert: Weixelbaum- Kobza- Major tri\u00f3<\/span><\/p>\n<p><strong>Aj\u00e1nl\u00f3: <\/strong>\u201cEgy igaz\u00e1n egy\u00e9ni, eredeti \u00e9nekes, akin nem fog a divat. (\u2026) Megid\u00e9z\u0151 \u00e9neke a s\u00e1m\u00e1nok \u0151si vil\u00e1g\u00e1ba rep\u00edti a hallgat\u00f3t, amelyben \u00e9nekhangja a viharos vads\u00e1got \u00e9s a szell\u0151 simogat\u00f3 l\u00e1gys\u00e1g\u00e1t egyar\u00e1nt k\u00e9pes \u00e1tfogni.\u201d- \u00edrt\u00e1k Laur\u00e1r\u00f3l.<\/p>\n<p><strong>A Tri\u00f3 vallom\u00e1sa:<\/strong> Az \u00f3kori h\u0151si eposzok, halottas-k\u00f6nyvek im\u00e1i, k\u00f6z\u00e9pkori m\u00e1gikus \u00e9nekek, a szertart\u00e1s hangok, mind saj\u00e1t zenei jelnyelv\u00fcnk\u00f6n kereszt\u00fcl sz\u00f3lnak hozz\u00e1nk. A l\u00e1thatatlan vil\u00e1g \u00fczenet\u00e9t \u00e9s az aranykor lelkivil\u00e1g\u00e1t k\u00f6zvet\u00edtik fel\u00e9nk. A muland\u00f3s\u00e1g tengely\u00e9nek kerek\u00e9be \u00e9ket rakva, az \u00f6r\u00f6kk\u00e9val\u00f3s\u00e1g \u00f6r\u00f6k folyamat\u00e1br\u00e1it, jelk\u00e9peit \u00f6ltj\u00fck fel magunkra, \u00e9s mint eszk\u00f6z\u00f6k, egy bels\u0151 sugallatra muzsik\u00e1v\u00e1 var\u00e1zsoljuk a kimondhatatlant. Aki koncert\u00fcnk\u00f6n elcsendesedik, \u00fajra meghallhatja az elfelejtett \u0151s\u00f6k halhatatlan \u00e9nekeit.<\/p>\n<p><strong>Le\u00edr\u00e1s:<\/strong> A tri\u00f3 2014-ben j\u00f6tt l\u00e9tre Weixelbaum Laura \u00f6tleteinek, dalainak koncepci\u00f3j\u00e1t k\u00f6vetve, Kobza Vajk hangfest\u0151i, keleti penget\u0151s muzsikus \u00e9s Major Bal\u00e1zs, letisztult, \u00f6szt\u00f6n\u00f6s ritmusszekci\u00f3j\u00e1val kieg\u00e9sz\u00fclve. \u00cdgy v\u00e1ltak h\u00e1rman eg\u00e9ssz\u00e9. Els\u0151 k\u00f6z\u00f6s zenei el\u0151ad\u00e1suk \u201cIshtar az alvil\u00e1gban\u201d c\u00edm\u0171 zen\u00e9s miszt\u00e9riumj\u00e1t\u00e9kuk volt, melyre az I. \u00c9ljetek Halottak Fesztiv\u00e1l f\u0151m\u0171sor\u00e1ban ker\u00fclt sor. H\u00edre ment, hogy ritkas\u00e1gsz\u00e1mba men\u0151 koncertjeiket nem, mint produkci\u00f3, hanem mint ritu\u00e1lis zene adj\u00e1k el\u0151. Tudatosan ny\u00falnak az \u00e9szaki s\u00e1m\u00e1nizmus vil\u00e1ga, a k\u00f6z\u00e9pkori szakr\u00e1lis \u00e9nekek, vagy \u00e9ppen az \u00f3kori halottas-k\u00f6nyvek im\u00e1ihoz. A tri\u00f3 els\u0151 lemez\u00e9t most k\u00e9sz\u00edti.<\/p>\n<p><strong>Weixelbaum Laura<\/strong> \u2013 \u00e9nek, citera, k\u00ednai csengetty\u0171, s\u00e1m\u00e1ndob<br \/>\n<strong>Kobza Vajk<\/strong> \u2013 ud, pszalt\u00e9rium, prepar\u00e1lt baglama, kithara<br \/>\n<strong>Major Bal\u00e1zs<\/strong> \u2013 udu, \u00fct\u0151hangszerek<\/p>\n<p>&nbsp;<\/p>\n","protected":false},"excerpt":{"rendered":"<p>&nbsp; Weixelbaum Laura: Dal a kilenc vil\u00e1gr\u00f3l c\u00edm\u0171 ki\u00e1ll\u00edt\u00e1sa Esem\u00e9ny a Facebook-on: www.facebook.com\/events\/357025564661765\/ Megnyitja: John Morgan, USA (\u00edr\u00f3, szerkeszt\u0151, k\u00f6nyvkiad\u00f3)<\/p>\n","protected":false},"author":1,"featured_media":2011,"comment_status":"closed","ping_status":"closed","sticky":false,"template":"","format":"standard","meta":{"footnotes":""},"categories":[1],"tags":[77,27,35],"_links":{"self":[{"href":"https:\/\/www.kobzavajk.com\/web\/wp-json\/wp\/v2\/posts\/2010"}],"collection":[{"href":"https:\/\/www.kobzavajk.com\/web\/wp-json\/wp\/v2\/posts"}],"about":[{"href":"https:\/\/www.kobzavajk.com\/web\/wp-json\/wp\/v2\/types\/post"}],"author":[{"embeddable":true,"href":"https:\/\/www.kobzavajk.com\/web\/wp-json\/wp\/v2\/users\/1"}],"replies":[{"embeddable":true,"href":"https:\/\/www.kobzavajk.com\/web\/wp-json\/wp\/v2\/comments?post=2010"}],"version-history":[{"count":0,"href":"https:\/\/www.kobzavajk.com\/web\/wp-json\/wp\/v2\/posts\/2010\/revisions"}],"wp:featuredmedia":[{"embeddable":true,"href":"https:\/\/www.kobzavajk.com\/web\/wp-json\/wp\/v2\/media\/2011"}],"wp:attachment":[{"href":"https:\/\/www.kobzavajk.com\/web\/wp-json\/wp\/v2\/media?parent=2010"}],"wp:term":[{"taxonomy":"category","embeddable":true,"href":"https:\/\/www.kobzavajk.com\/web\/wp-json\/wp\/v2\/categories?post=2010"},{"taxonomy":"post_tag","embeddable":true,"href":"https:\/\/www.kobzavajk.com\/web\/wp-json\/wp\/v2\/tags?post=2010"}],"curies":[{"name":"wp","href":"https:\/\/api.w.org\/{rel}","templated":true}]}}