{"id":2057,"date":"2017-02-28T18:55:57","date_gmt":"2017-02-28T16:55:57","guid":{"rendered":"http:\/\/www.kobzavajk.com\/web\/?p=2057"},"modified":"2017-02-28T19:02:51","modified_gmt":"2017-02-28T17:02:51","slug":"the-moon-and-the-nighspirit-koncert-vendeg-weixelbaum-laura-kobza-vajk-dupla-lemezbemutato-durer-kert-bp-2017-03-01","status":"publish","type":"post","link":"https:\/\/www.kobzavajk.com\/web\/the-moon-and-the-nighspirit-koncert-vendeg-weixelbaum-laura-kobza-vajk-dupla-lemezbemutato-durer-kert-bp-2017-03-01\/","title":{"rendered":"The Moon and the Nighspirit Koncert. Vend\u00e9g: Weixelbaum Laura &#038; Kobza Vajk \/ Dupla Lemezbemutat\u00f3 \/ D\u00fcrer Kert, Bp. 2017.03.01"},"content":{"rendered":"<p>\u25ba 2017 M\u00e1rcius 01. 20:00<br \/>\n\u2022 WEIXELBAUM LAURA &amp; KOBZA VAJK<br \/>\n\u2013 Ez az id\u0151 nem id\u0151, ez a hely nem hely! \u2013 LEMEZBEMUTAT\u00d3 KONCERT | D\u00dcRER KERT | BP<br \/>\n\u27a1 Link az esem\u00e9nyhez: <span style=\"color: #ffcc00;\"><a style=\"color: #ffcc00;\" href=\"http:\/\/www.facebook.com\/events\/258713181217316\/\" target=\"_blank\" rel=\"noopener\">www.facebook.com\/events\/258713181217316\/<\/a><\/span><br \/>\n\u25ba Zenehallgat\u00e1s: <span style=\"color: #ffcc00;\"><a style=\"color: #ffcc00;\" href=\"http:\/\/www.youtube.com\/playlist?list=PLPESp6iELv-qH9Mzf5xJhIwF_aI0axEAf\" target=\"_blank\" rel=\"noopener\">www.youtube.com\/playlist?list=PLPESp6iELv-qH9Mzf5xJhIwF_aI0axEAf<\/a><\/span><\/p>\n<p>Ut\u00e1nunk fell\u00e9pnek j\u00f3bar\u00e1taink: The Moon and the Nighspirit!<\/p>\n<p>Sok szeretettel v\u00e1runk mindenkit!<br \/>\n\u00c1ldott Napot \u00e9s Holdat!<\/p>\n<p>&nbsp;<\/p>\n<p><img loading=\"lazy\" decoding=\"async\" class=\"aligncenter  wp-image-2058\" src=\"http:\/\/www.kobzavajk.com\/web\/wp-content\/uploads\/2017\/02\/2017.03.01.jpg\" alt=\"\" width=\"530\" height=\"660\" srcset=\"https:\/\/www.kobzavajk.com\/web\/wp-content\/uploads\/2017\/02\/2017.03.01.jpg 1311w, https:\/\/www.kobzavajk.com\/web\/wp-content\/uploads\/2017\/02\/2017.03.01-241x300.jpg 241w, https:\/\/www.kobzavajk.com\/web\/wp-content\/uploads\/2017\/02\/2017.03.01-768x956.jpg 768w, https:\/\/www.kobzavajk.com\/web\/wp-content\/uploads\/2017\/02\/2017.03.01-823x1024.jpg 823w\" sizes=\"(max-width: 530px) 100vw, 530px\" \/><\/p>\n","protected":false},"excerpt":{"rendered":"<p>\u25ba 2017 M\u00e1rcius 01. 20:00 \u2022 WEIXELBAUM LAURA &amp; KOBZA VAJK \u2013 Ez az id\u0151 nem id\u0151, ez a hely<\/p>\n","protected":false},"author":1,"featured_media":2058,"comment_status":"closed","ping_status":"closed","sticky":false,"template":"","format":"standard","meta":{"footnotes":""},"categories":[1],"tags":[77,35,80,79],"_links":{"self":[{"href":"https:\/\/www.kobzavajk.com\/web\/wp-json\/wp\/v2\/posts\/2057"}],"collection":[{"href":"https:\/\/www.kobzavajk.com\/web\/wp-json\/wp\/v2\/posts"}],"about":[{"href":"https:\/\/www.kobzavajk.com\/web\/wp-json\/wp\/v2\/types\/post"}],"author":[{"embeddable":true,"href":"https:\/\/www.kobzavajk.com\/web\/wp-json\/wp\/v2\/users\/1"}],"replies":[{"embeddable":true,"href":"https:\/\/www.kobzavajk.com\/web\/wp-json\/wp\/v2\/comments?post=2057"}],"version-history":[{"count":0,"href":"https:\/\/www.kobzavajk.com\/web\/wp-json\/wp\/v2\/posts\/2057\/revisions"}],"wp:featuredmedia":[{"embeddable":true,"href":"https:\/\/www.kobzavajk.com\/web\/wp-json\/wp\/v2\/media\/2058"}],"wp:attachment":[{"href":"https:\/\/www.kobzavajk.com\/web\/wp-json\/wp\/v2\/media?parent=2057"}],"wp:term":[{"taxonomy":"category","embeddable":true,"href":"https:\/\/www.kobzavajk.com\/web\/wp-json\/wp\/v2\/categories?post=2057"},{"taxonomy":"post_tag","embeddable":true,"href":"https:\/\/www.kobzavajk.com\/web\/wp-json\/wp\/v2\/tags?post=2057"}],"curies":[{"name":"wp","href":"https:\/\/api.w.org\/{rel}","templated":true}]}}