{"id":2240,"date":"2017-06-23T18:05:27","date_gmt":"2017-06-23T16:05:27","guid":{"rendered":"http:\/\/www.kobzavajk.com\/web\/?p=2240"},"modified":"2020-07-23T07:06:36","modified_gmt":"2020-07-23T05:06:36","slug":"koarcok","status":"publish","type":"post","link":"https:\/\/www.kobzavajk.com\/web\/koarcok\/","title":{"rendered":"K\u0151arcok"},"content":{"rendered":"<p><span style=\"color: #ffcc00;\">K\u0151arcok<\/span><\/p>\n<p><span style=\"color: #ffffff;\">Hajdan\u00e1n \u0151s\u00f6ket farag\u00f3 v\u00e9s\u0151k csengtek.<\/span><br \/>\n<span style=\"color: #ffffff;\">Eml\u00e9kez\u0151k hajoltak f\u00e9nyes k\u0151arcok el\u0151tt.<\/span><br \/>\n<span style=\"color: #ffffff;\">Foh\u00e1szunkat ma es\u0151 mossa,<\/span><br \/>\n<span style=\"color: #ffffff;\">k\u0151arcuk moh\u00e1val ben\u0151tt.<\/span><\/p>\n<p><span style=\"color: #ffffff;\">A kurg\u00e1nok felett sz\u00e9l z\u00fag s b\u00fag zivatar.<\/span><\/p>\n<p><span style=\"color: #ffffff;\">Hamu lesz\u00fcnk mire<\/span><br \/>\n<span style=\"color: #ffffff;\">a k\u0151arcok \u00e1lmainkb\u00f3l fel\u00e9lednek.<\/span><br \/>\n<span style=\"color: #ffffff;\">&#8211; sz\u00f3lt az agg. L\u00e1tod?!<\/span><br \/>\n<span style=\"color: #ffffff;\">A dombon geb\u00e9k legelnek.<\/span><br \/>\n<span style=\"color: #ffffff;\">A halmok gyomokkal betelnek.<\/span><br \/>\n<span style=\"color: #ffffff;\">H\u00e1rom kopors\u00f3nyi id\u0151<\/span><br \/>\n<span style=\"color: #ffffff;\">egym\u00e1sba rakva.<\/span><br \/>\n<span style=\"color: #ffffff;\">Annyi sem marad.<\/span><br \/>\n<span style=\"color: #ffffff;\">Nem maradhat!<\/span><\/p>\n<p><span style=\"color: #ffffff;\">Ott!<\/span><br \/>\n<span style=\"color: #ffffff;\">Valaki halad!<\/span><br \/>\n<span style=\"color: #ffffff;\">Befel\u00e9.<\/span><br \/>\n<span style=\"color: #ffffff;\">A bels\u0151 olt\u00e1r el\u00e9.<\/span><\/p>\n<p><span style=\"color: #ffffff;\">L\u00e1thatatlan tollas reppen az \u00e9gnek.<\/span><br \/>\n<span style=\"color: #ffffff;\">Hangos ima rebben a sz\u00e9lben.<\/span><br \/>\n<span style=\"color: #ffffff;\">S a k\u0151arcok \u00fajb\u00f3l \u00e9lnek!<\/span><\/p>\n<p><span style=\"color: #ffffff;\">2017.06.23 K.V.<\/span><\/p>\n","protected":false},"excerpt":{"rendered":"<p>K\u0151arcok Hajdan\u00e1n \u0151s\u00f6ket farag\u00f3 v\u00e9s\u0151k csengtek. Eml\u00e9kez\u0151k hajoltak f\u00e9nyes k\u0151arcok el\u0151tt. Foh\u00e1szunkat ma es\u0151 mossa, k\u0151arcuk moh\u00e1val ben\u0151tt. A kurg\u00e1nok<\/p>\n","protected":false},"author":1,"featured_media":0,"comment_status":"closed","ping_status":"closed","sticky":false,"template":"","format":"standard","meta":{"footnotes":""},"categories":[30],"tags":[77,38],"_links":{"self":[{"href":"https:\/\/www.kobzavajk.com\/web\/wp-json\/wp\/v2\/posts\/2240"}],"collection":[{"href":"https:\/\/www.kobzavajk.com\/web\/wp-json\/wp\/v2\/posts"}],"about":[{"href":"https:\/\/www.kobzavajk.com\/web\/wp-json\/wp\/v2\/types\/post"}],"author":[{"embeddable":true,"href":"https:\/\/www.kobzavajk.com\/web\/wp-json\/wp\/v2\/users\/1"}],"replies":[{"embeddable":true,"href":"https:\/\/www.kobzavajk.com\/web\/wp-json\/wp\/v2\/comments?post=2240"}],"version-history":[{"count":0,"href":"https:\/\/www.kobzavajk.com\/web\/wp-json\/wp\/v2\/posts\/2240\/revisions"}],"wp:attachment":[{"href":"https:\/\/www.kobzavajk.com\/web\/wp-json\/wp\/v2\/media?parent=2240"}],"wp:term":[{"taxonomy":"category","embeddable":true,"href":"https:\/\/www.kobzavajk.com\/web\/wp-json\/wp\/v2\/categories?post=2240"},{"taxonomy":"post_tag","embeddable":true,"href":"https:\/\/www.kobzavajk.com\/web\/wp-json\/wp\/v2\/tags?post=2240"}],"curies":[{"name":"wp","href":"https:\/\/api.w.org\/{rel}","templated":true}]}}