{"id":2593,"date":"2018-01-07T11:16:39","date_gmt":"2018-01-07T09:16:39","guid":{"rendered":"http:\/\/www.kobzavajk.com\/web\/?p=2593"},"modified":"2020-05-10T14:53:03","modified_gmt":"2020-05-10T12:53:03","slug":"2017-es-szamvetes","status":"publish","type":"post","link":"https:\/\/www.kobzavajk.com\/web\/2017-es-szamvetes\/","title":{"rendered":"2017-es sz\u00e1mvet\u00e9s"},"content":{"rendered":"<p><span style=\"color: #ffffff;\"> Kedves Mind!<\/span><\/p>\n<p><span style=\"color: #ffffff;\">S\u0171r\u0171 \u00e9s meglepet\u00e9sekkel teli volt az elm\u00falt \u00e9v is. A tapasztal\u00e1s-val\u00f3s\u00e1gok csak \u00fagy kibomlottak bels\u0151 szem\u00fcnk el\u0151tt \u00e9s h\u00e1t sz\u00e1mot vetek. Mert rengeteg minden nem t\u00f6rt\u00e9nt, m\u00e9gis \u00edrnom kell azokr\u00f3l, amik t\u00e9nyleg t\u00f6rt\u00e9ntek s v\u00e9lem\u00e9nyem szerint el\u0151r\u00e9bb vitt\u00e9k vil\u00e1gunk kerek\u00e9t, apr\u00f3 csod\u00e1kkal elviselhet\u0151bb\u00e9 tett\u00e9k a l\u00e9tez\u00e9st bolyg\u00f3nkon, melyek mellett nem szabad elmenni sz\u00f3 n\u00e9lk\u00fcl \u00e9s amik miatt h\u00e1l\u00e1s vagyok. Izgalommal t\u00f6lt el, hogy mennyi mindent nem fogok le\u00edrni, mert a l\u00e9nyeges dolgok mindig benn\u00fcnk zajlanak, sosem a nagy nyilv\u00e1noss\u00e1g el\u0151tt, \u00fagyhogy \u00f6r\u00f6mmel mondhatom, hogy csak a k\u00fclvil\u00e1g fel\u00e9 tett l\u00e9p\u00e9sekr\u0151l fogok sz\u00f3lni, \u00edgy visszaeml\u00e9kez\u00e9sem vel\u0151s \u00e9s t\u00f6m\u00f6r lesz. Amennyire lehet\u2026 \ud83d\ude42<\/span><\/p>\n<p><span style=\"color: #ffffff;\">2017 m\u00e1rcius elsej\u00e9n koncert\u00fcnkre egy dupla lemezbemutat\u00f3n ker\u00fclt sor Budapesten, a The Moon and the Nightspirit megh\u00edv\u00e1s\u00e1ra. Amit ut\u00f3lag is nagyon k\u00f6sz\u00f6n\u00fcnk sz\u00e9pen nekik. Ekkor jelent meg Weixelbaum Laur\u00e1val els\u0151 k\u00f6z\u00f6s lemezem, Ez az id\u0151 nem id\u0151, ez a hely nem hely c\u00edmmel. Sz\u00e1momra hatalmas \u00e9lm\u00e9ny volt a lemezfelv\u00e9tel, melyre a v\u00e1ci g\u00f6r\u00f6g templomban ker\u00fclt sor. Ez ritu\u00e1lis zene. Nem olyas valami, amit az ember otthon berak h\u00e1tt\u00e9rzen\u00e9nek. Ez pontosan \u00e9let-hal\u00e1l el\u0151t\u00e9r zene m\u00e9g akkor is, ha nem k\u00e9nyelmes, t\u00fal esik a komfortz\u00f3n\u00e1nkon. Pedig a z\u00f3na \u00e1tl\u00e9p\u00e9s\u00e9vel betekint\u00e9st nyerhet\u00fcnk let\u0171nt vil\u00e1gok szakralit\u00e1s\u00e1ba, \u00e9s r\u00e1nk ord\u00edt: Ne f\u00e9ljetek a m\u00e9lys\u00e9g vizeit\u0151l! Mert al\u00e1sz\u00e1ll\u00e1s ez, \u00e1rny\u00e9kvil\u00e1gunkba. Van, aki m\u00e1r megj\u00e1rta ezt az utat \u00e9s van, aki m\u00e9g gy\u0171jti b\u00e1tors\u00e1g\u00e1t az elindul\u00e1shoz. \u201eA vil\u00e1goss\u00e1g fel\u00e9 vezet\u0151 \u00faton megtett minden l\u00e9p\u00e9s m\u00e9lyebb s\u00f6t\u00e9ts\u00e9get id\u00e9z.\u201d &#8211; hogy id\u00e9zzem Hamvas B\u00e9la b\u00e1-t. \u00c9s be kell j\u00e1rjuk az utat, am\u00edg a l\u00e9lek v\u00e9gleg kil\u00e9p a nappali f\u00e9nyre. Sz\u00e1momra ez a lemez a bels\u0151 alk\u00edmi\u00e1r\u00f3l sz\u00f3l. K\u00fcl\u00f6n h\u00e1l\u00e1s k\u00f6sz\u00f6net Szab\u00f3 S\u00e1ndor-nak, aki az eg\u00e9sz anyagot felvette \u00e9s a Tandem Records &amp; Studio-ban megkeverte.<\/span><br \/>\n<span style=\"color: #ffffff;\"> M\u00e9g annyit, hogy a lemezr\u0151l egy nagyon sz\u00e9p, m\u00e9ltat\u00f3 kritika jelent meg a ny\u00e1ri Metal Hammer Hungary magazinban. \u00c9rdemes elolvasni.<\/span><br \/>\n<span style=\"color: #ffffff;\"> A lemez itt meghallgathat\u00f3: <a style=\"color: #ffffff;\" href=\"http:\/\/bit.ly\/2u3uOqD\" target=\"_blank\" rel=\"noopener noreferrer\">http:\/\/bit.ly\/2u3uOqD<\/a><\/span><br \/>\n<span style=\"color: #ffffff;\"> A lemez itt megrendelhet\u0151: <a style=\"color: #ffffff;\" href=\"http:\/\/bit.ly\/2uLTuS1\" target=\"_blank\" rel=\"noopener noreferrer\">http:\/\/bit.ly\/2uLTuS1<\/a><\/span><\/p>\n<p><span style=\"color: #ffffff;\">A tavalyi \u00e9v nagy esem\u00e9nye volt sz\u00e1momra a HKM Tri\u00f3 n\u00e9vv\u00e1ltoztat\u00e1sa. BOGA n\u00e9ven folytattuk tov\u00e1bb utunkat Bakai M\u00e1rton heged\u0171m\u0171v\u00e9sszel kieg\u00e9sz\u00fclve. Nem sokkal ut\u00e1na k\u00e9sz\u00edtett\u00fcnk egy h\u00e1romsz\u00e1mos bemuttakoz\u00f3 EP-t, ami a Great River Records gondoz\u00e1s\u00e1ban jelent meg. K\u00fcl\u00f6n k\u00f6sz\u00f6net ez\u00e9rt, Heidrich Rolandnak, aki a felv\u00e9telt k\u00e9sz\u00edtette \u00e9s megkeverte. T\u00f6bb \u00e1llom\u00e1sos kis turn\u00e9n vagyunk t\u00fal \u00e9s nagyon sok pozit\u00edv visszajelz\u00e9st kaptunk. Igyeksz\u00fcnk a tov\u00e1bbiakban is, az \u00e1ltalunk kijel\u00f6lt szellemi \u00faton tov\u00e1bb haladni. K\u00f6vetkez\u0151 koncertjeink feltehet\u0151leg 2018 m\u00e1sodik fel\u00e9ben lesznek. A 3sz\u00e1mos kislemez addig ronggy\u00e1 hallgathat\u00f3 itt: <a style=\"color: #ffffff;\" href=\"http:\/\/bit.ly\/2q0kHka\" target=\"_blank\" rel=\"noopener noreferrer\">http:\/\/bit.ly\/2q0kHka<\/a><\/span><\/p>\n<p><span style=\"color: #ffffff;\">M\u00e1sodik alkalommal k\u00e9rt fel T\u00f6r\u00f6k-Zselenszky Tam\u00e1s bar\u00e1tom \u00e9s zen\u00e9szkoll\u00e9g\u00e1m, hogy soron k\u00f6vetkez\u0151 metafizikai reg\u00e9ny\u00e9hez k\u00e9sz\u00edtsek k\u00f6nyvbor\u00edt\u00f3t. Hatalmas megtiszteltet\u00e9s sz\u00e1momra, mert a k\u00f6nyvet elolvasva, valami olyan dolog ker\u00fclt napvil\u00e1gra, amit lehet \u00e9vtizedek m\u00falva fognak csak nagyra \u00e9rt\u00e9kelni. Aki meg mostans\u00e1g olvassa, az olyan szellemi kincset kap aj\u00e1nd\u00e9kba, aminek k\u00f6vetkezm\u00e9nyei bel\u00e1thatatlanok. Id\u0151tlen, a h\u00e9tk\u00f6znapokban is b\u00e1tran el\u0151h\u00edvhat\u00f3 lelki nemess\u00e9g lesz a jussunk.<\/span><br \/>\n<span style=\"color: #ffffff;\"> A k\u00f6nyv megrendelhet\u0151 itt: <a style=\"color: #ffffff;\" href=\"http:\/\/bit.ly\/2F7r7mr\" target=\"_blank\" rel=\"noopener noreferrer\">http:\/\/bit.ly\/2F7r7mr<\/a><\/span><br \/>\n<span style=\"color: #ffffff;\">Portr\u00e9film az \u00edr\u00f3r\u00f3l: <a style=\"color: #ffffff;\" href=\"https:\/\/youtu.be\/l8T5Yz_fXfA\" target=\"_blank\" rel=\"noopener noreferrer\">https:\/\/youtu.be\/l8T5Yz_fXfA<\/a><\/span><\/p>\n<p><span style=\"color: #ffffff;\">Szeptember elej\u00e9n voltam Sieben koncerten, ami m\u00e1ra m\u00e1r egy egyszem\u00e9lyes projekt\u00e9 alakult \u00e9s teljesen \u00f6sszen\u0151tt Matt Howden nev\u00e9vel, akit m\u00e9lt\u00e1n nevezhet\u00fcnk a neofolk atyj\u00e1nak. A koncert ut\u00e1n felb\u00e1torodva \u00fczenetet \u00edrtam neki \u00e9s p\u00e1r lev\u00e9lv\u00e1lt\u00e1s ut\u00e1n arra lettem figyelmes, hogy megosztotta legut\u00f3bbi sz\u00f3l\u00f3 lemezemet az al\u00e1bbi ki\u00edr\u00e1ssal:<\/span><br \/>\n<span style=\"color: #ffffff;\"> \u201eGuaranteed to brighten up your sonic sinuses&#8230; Beautifully sonic and expressive!\u201d<\/span><br \/>\n<span style=\"color: #ffffff;\"> Enn\u00e9l nagyobb dics\u00e9retet m\u00e9g sohasem kaptam. Thank you Matt! \ud83d\ude42<\/span><br \/>\n<span style=\"color: #ffffff;\"> Aj\u00e1nlom mindenkinek, hogy szint\u00e9n hallgassa meg Matt Howden munk\u00e1it.<\/span><br \/>\n<span style=\"color: #ffffff;\"> Sieben &#8211; Matt Howden oldala itt: <a style=\"color: #ffffff;\" href=\"http:\/\/bit.ly\/2D2aesT\" target=\"_blank\" rel=\"noopener noreferrer\">http:\/\/bit.ly\/2D2aesT<\/a><\/span><br \/>\n<span style=\"color: #ffffff;\"> Legut\u00f3bbi sz\u00f3l\u00f3lemezem meghallgathat\u00f3 itt: <a style=\"color: #ffffff;\" href=\"http:\/\/bit.ly\/2vckEW4\" target=\"_blank\" rel=\"noopener noreferrer\">http:\/\/bit.ly\/2vckEW4<\/a><\/span><\/p>\n<p><span style=\"color: #ffffff;\"> Nagy lelkesed\u00e9ssel csatlakoztam decemberben a Memento Mori Egyes\u00fclethez, akikkel m\u00e1r r\u00e9g\u00f3ta kapcsolatban \u00e1llok. Els\u0151 \u00f6n\u00e1ll\u00f3 ki\u00e1ll\u00edt\u00e1somat is \u0151k rendezt\u00e9k (A m\u00e1sodikra feltehet\u0151leg id\u00e9n sor ker\u00fcl) \u00e9s mindezek mellett koncertek \u00e9s egy\u00e9b kultur\u00e1lis esem\u00e9nyek szervez\u0151i. Az els\u0151 k\u00f6ltem\u00e9nyeimet is \u0151k publik\u00e1lt\u00e1k a www.gothic.hu oldalukon. Kar\u00e1csonyi aj\u00e1nd\u00e9kk\u00e9nt pedig megjelent az Egyes\u00fclet KatART II. kiadv\u00e1nya, ahol egy r\u00f6vid le\u00edr\u00e1s tal\u00e1lhat\u00f3 a munk\u00e1ss\u00e1gomr\u00f3l To\u00f3t-Holl\u00f3 Tam\u00e1s \u00edr\u00f3 m\u00e9ltat\u00e1s\u00e1val s p\u00e1r k\u00e9pemmel egy\u00fctt. H\u00e1l\u00e1san k\u00f6sz\u00f6n\u00f6m a Memento Morinak, hogy felkaroltak \u00e9s, hogy val\u00f3di \u00e9rt\u00e9kment\u00e9ssel foglalkoznak.<\/span><br \/>\n<span style=\"color: #ffffff;\"> A KatART II. kiadv\u00e1ny megtekinthet\u0151 itt: <a style=\"color: #ffffff;\" href=\"http:\/\/bit.ly\/2qB6tbi\" target=\"_blank\" rel=\"noopener noreferrer\">http:\/\/bit.ly\/2qB6tbi<\/a><\/span><br \/>\n<span style=\"color: #ffffff;\"> A Memento Mori Egyes\u00fclet oldala: <a style=\"color: #ffffff;\" href=\"http:\/\/mementomori.hu\/\" target=\"_blank\" rel=\"noopener noreferrer\">http:\/\/mementomori.hu\/<\/a><\/span><\/p>\n<p><span style=\"color: #ffffff;\">Z\u00e1rom soraimat nemr\u00e9g el\u00e9rve az 1000. k\u00f6vet\u0151t itt a virtu\u00e1lis t\u00e9rben. Az idei \u00e9v sem lesz sz\u0171k\u00f6s esem\u00e9nyekben. Igyekszem a tov\u00e1bbiakban is olyan dolgokat teremteni, amelyek \u00e1ltal lelk\u00fcnk nemesebb\u00e9, szellem\u00fcnk teljesebb\u00e9 v\u00e1lhat. Amelyek seg\u00edtik a benn\u00fcnk \u00e9l\u0151 \u00f6r\u00f6k Eredend\u0151, a tiszta tudat felismer\u00e9s\u00e9t.<br \/>\nHa tudtok olyat, aki szerintetek sz\u00edvesen hallgatn\u00e1, olvasn\u00e1, n\u00e9zn\u00e9 munk\u00e1imat, akkor k\u00e9rlek benneteket, aj\u00e1nlj\u00e1tok sz\u00e1m\u00e1ra az oldalamat!<br \/>\nK\u00edv\u00e1nok mindenkinek \u00e1ldott, b\u0151s\u00e9ges, eg\u00e9szs\u00e9ges \u00e9s jelent\u0151s\u00e9gteljes \u00faj esztend\u0151t! \u00c1ld\u00e1s minden \u00e9rz\u0151 l\u00e9nynek!<\/span><\/p>\n<p><span style=\"color: #ffffff;\">Vajk<\/span><br \/>\n<span style=\"color: #ffffff;\"> 2018.01.07<\/span><\/p>\n","protected":false},"excerpt":{"rendered":"<p>Kedves Mind! S\u0171r\u0171 \u00e9s meglepet\u00e9sekkel teli volt az elm\u00falt \u00e9v is. A tapasztal\u00e1s-val\u00f3s\u00e1gok csak \u00fagy kibomlottak bels\u0151 szem\u00fcnk el\u0151tt \u00e9s<\/p>\n","protected":false},"author":1,"featured_media":3876,"comment_status":"closed","ping_status":"closed","sticky":false,"template":"","format":"standard","meta":{"footnotes":""},"categories":[1],"tags":[77,99,115,98],"_links":{"self":[{"href":"https:\/\/www.kobzavajk.com\/web\/wp-json\/wp\/v2\/posts\/2593"}],"collection":[{"href":"https:\/\/www.kobzavajk.com\/web\/wp-json\/wp\/v2\/posts"}],"about":[{"href":"https:\/\/www.kobzavajk.com\/web\/wp-json\/wp\/v2\/types\/post"}],"author":[{"embeddable":true,"href":"https:\/\/www.kobzavajk.com\/web\/wp-json\/wp\/v2\/users\/1"}],"replies":[{"embeddable":true,"href":"https:\/\/www.kobzavajk.com\/web\/wp-json\/wp\/v2\/comments?post=2593"}],"version-history":[{"count":0,"href":"https:\/\/www.kobzavajk.com\/web\/wp-json\/wp\/v2\/posts\/2593\/revisions"}],"wp:featuredmedia":[{"embeddable":true,"href":"https:\/\/www.kobzavajk.com\/web\/wp-json\/wp\/v2\/media\/3876"}],"wp:attachment":[{"href":"https:\/\/www.kobzavajk.com\/web\/wp-json\/wp\/v2\/media?parent=2593"}],"wp:term":[{"taxonomy":"category","embeddable":true,"href":"https:\/\/www.kobzavajk.com\/web\/wp-json\/wp\/v2\/categories?post=2593"},{"taxonomy":"post_tag","embeddable":true,"href":"https:\/\/www.kobzavajk.com\/web\/wp-json\/wp\/v2\/tags?post=2593"}],"curies":[{"name":"wp","href":"https:\/\/api.w.org\/{rel}","templated":true}]}}