{"id":2623,"date":"2017-12-26T18:00:24","date_gmt":"2017-12-26T16:00:24","guid":{"rendered":"http:\/\/www.kobzavajk.com\/web\/?p=2623"},"modified":"2020-05-10T20:12:33","modified_gmt":"2020-05-10T18:12:33","slug":"memento-mori-catalogus-artificium-katart-ii-muveszportrek-benne-kobza-vajk","status":"publish","type":"post","link":"https:\/\/www.kobzavajk.com\/web\/memento-mori-catalogus-artificium-katart-ii-muveszportrek-benne-kobza-vajk\/","title":{"rendered":"Catalogus Artificium &#8211; KatArt II. | Memento Mori M\u0171v\u00e9szportr\u00e9k | (Benne: Kobza Vajk)"},"content":{"rendered":"<p>&nbsp;<\/p>\n<div data-url=\"https:\/\/issuu.com\/lzoltan\/docs\/katart2\" style=\"width: 900px; height: 639px;\" class=\"issuuembed\"><\/div>\n<p><script type=\"text\/javascript\" src=\"\/\/e.issuu.com\/embed.js\" async=\"true\"><\/script><\/p>\n<p><span style=\"color: #ffffff;\">Gothic.hu: \u00dajabb k\u00e9t esztend\u0151ben a 2014-t\u0151l 2016-ig terjed\u0151 ki\u00e1ll\u00edt\u00e1si id\u0151szakunk term\u00e9s\u00e9b\u0151l t\u00edz alkot\u00f3 5-5 munk\u00e1ja \u00e9s bemutatkoz\u00e1sa lapozhat\u00f3 v\u00e9gig a Catalogus Artificium m\u00e1sodik sz\u00e1m\u00e1ban. Egyes\u00fclet\u00fcnkkel az \u00c9v V\u00e9ge egyik \u00fcnnepe \u00e9s aj\u00e1nd\u00e9ka ez; \u00e1tny\u00fajatni tisztelet\u00fcnk jel\u00e9\u00fcl ki\u00e1ll\u00edt\u00f3inknak \u00e9s tev\u00e9kenys\u00e9g\u00fcnk k\u00f6vet\u0151inek egyar\u00e1nt.<\/span><\/p>\n<p><span style=\"color: #ffffff;\">&#8230;Az \u00e9vek sor\u00e1n bemutatott k\u00e9pk\u00e9sz\u00edt\u0151k t\u00fall\u00e9pve teh\u00e1t egy sz\u00e1mukra messzemen\u0151en meghat\u00e1roz\u00f3 zenei szubkult\u00fara \u00e9s a hozz\u00e1 egyfajta szimbi\u00f3zissal kapcsol\u00f3d\u00f3 t\u00e1mogat\u00f3i k\u00f6r korl\u00e1tain, \u2013 t\u00falz\u00e1sok n\u00e9lk\u00fcl meg\u00e1llap\u00edtva, hogy az egyes\u00fcletnek k\u00f6sz\u00f6nhet\u0151en \u2013 b\u00e1tran kil\u00e9phettek az organiz\u00e1latlan edomita kir\u00e1lys\u00e1gok ter\u00fclet\u00e9re. Ilyen form\u00e1ban a t\u00e1rgyalt egy\u00e9nis\u00e9gekben bennrejt\u0151z\u0151 \u2013 fentebb m\u00e1r eml\u00edtett \u2013 nem felt\u00e9tlen\u00fcl adekv\u00e1t r\u00e1tekint\u0151 szeml\u00e9let \u00e9s introvert\u00e1lt (jobb esetekben intuit\u00edv) gy\u00f6ker\u0171 k\u00f6zvet\u00edt\u0151i magatart\u00e1s profetisztikus \u00fczenete sz\u00e9lesebb befogad\u00f3i k\u00f6rh\u00f6z juthatott el.<\/span><br \/>\n<span style=\"color: #ffffff;\"> Rem\u00e9lhet\u0151leg, megtekintve a tov\u00e1bbiakban k\u00f6vetkez\u0151 k\u00e9panyagot, nem csup\u00e1n egy \u00fajabb ill\u00fazi\u00f3t, egy \u2013 a hat\u00e1rtalan f\u00e9ny benn\u00fcnk rejl\u0151 szikr\u00e1j\u00e1val m\u0171k\u00f6d\u00e9sbe hozott \u2013 camera obscura \u00e1ltali csal\u00f3ka hal\u00e1lt\u00e1ncot fogunk l\u00e1tni, hanem a f\u00e1tyol m\u00f6g\u00f6tti nagy szakad\u00e9k (Hal\u00e1l-) Tud\u00e1s-pillanatait illetve azok k\u00e9pekben t\u00e1rgyias\u00edtott felvillan\u00e1sait.<\/span><\/p>\n<p><span style=\"color: #ffffff;\"><a style=\"color: #ffffff;\" href=\"https:\/\/drive.google.com\/file\/d\/1wT8EcQlgbaVf9c_0qe9mLuFX5-g2lS2-\/view\" target=\"_blank\" rel=\"noopener noreferrer\">Let\u00f6lt\u00e9s PDF form\u00e1tumban https:\/\/drive.google.com\/file\/d\/1wT8EcQlgbaVf9c_0qe9mLuFX5-g2lS2-\/view<\/a><\/span><\/p>\n<p><span style=\"color: #ffffff;\">A cikk itt jelent meg: <a style=\"color: #ffffff;\" href=\"http:\/\/gothic.hu\/katart1\" target=\"_blank\" rel=\"noopener noreferrer\">http:\/\/gothic.hu\/katart1<\/a><\/span><br \/>\n<span style=\"color: #ffffff;\">2017.12.26<\/span><\/p>\n","protected":false},"excerpt":{"rendered":"<p>&nbsp; Gothic.hu: \u00dajabb k\u00e9t esztend\u0151ben a 2014-t\u0151l 2016-ig terjed\u0151 ki\u00e1ll\u00edt\u00e1si id\u0151szakunk term\u00e9s\u00e9b\u0151l t\u00edz alkot\u00f3 5-5 munk\u00e1ja \u00e9s bemutatkoz\u00e1sa lapozhat\u00f3 v\u00e9gig<\/p>\n","protected":false},"author":1,"featured_media":2624,"comment_status":"closed","ping_status":"closed","sticky":false,"template":"","format":"standard","meta":{"footnotes":""},"categories":[1],"tags":[77,100,51,101],"_links":{"self":[{"href":"https:\/\/www.kobzavajk.com\/web\/wp-json\/wp\/v2\/posts\/2623"}],"collection":[{"href":"https:\/\/www.kobzavajk.com\/web\/wp-json\/wp\/v2\/posts"}],"about":[{"href":"https:\/\/www.kobzavajk.com\/web\/wp-json\/wp\/v2\/types\/post"}],"author":[{"embeddable":true,"href":"https:\/\/www.kobzavajk.com\/web\/wp-json\/wp\/v2\/users\/1"}],"replies":[{"embeddable":true,"href":"https:\/\/www.kobzavajk.com\/web\/wp-json\/wp\/v2\/comments?post=2623"}],"version-history":[{"count":0,"href":"https:\/\/www.kobzavajk.com\/web\/wp-json\/wp\/v2\/posts\/2623\/revisions"}],"wp:featuredmedia":[{"embeddable":true,"href":"https:\/\/www.kobzavajk.com\/web\/wp-json\/wp\/v2\/media\/2624"}],"wp:attachment":[{"href":"https:\/\/www.kobzavajk.com\/web\/wp-json\/wp\/v2\/media?parent=2623"}],"wp:term":[{"taxonomy":"category","embeddable":true,"href":"https:\/\/www.kobzavajk.com\/web\/wp-json\/wp\/v2\/categories?post=2623"},{"taxonomy":"post_tag","embeddable":true,"href":"https:\/\/www.kobzavajk.com\/web\/wp-json\/wp\/v2\/tags?post=2623"}],"curies":[{"name":"wp","href":"https:\/\/api.w.org\/{rel}","templated":true}]}}