{"id":2640,"date":"2018-02-17T13:12:49","date_gmt":"2018-02-17T11:12:49","guid":{"rendered":"http:\/\/www.kobzavajk.com\/web\/?p=2640"},"modified":"2023-03-06T21:54:22","modified_gmt":"2023-03-06T19:54:22","slug":"tejszinu-emlek","status":"publish","type":"post","link":"https:\/\/www.kobzavajk.com\/web\/tejszinu-emlek\/","title":{"rendered":"Tejsz\u00edn\u0171 eml\u00e9k"},"content":{"rendered":"<p><span style=\"color: #ffcc00;\">Tejsz\u00edn\u0171 eml\u00e9k<\/span><\/p>\n<p><span style=\"color: #ffffff;\">Kormos k\u00f6ld\u00f6k: halv\u00e1ny k\u00f6l\u00f6k-kor<\/span><br \/>\n<span style=\"color: #ffffff;\">v\u00e1lik porr\u00e1 csontok k\u00f6z\u00f6tt.<\/span><br \/>\n<span style=\"color: #ffffff;\">Ez\u00fcst erd\u0151ben tejsz\u00edn lombkoron\u00e1kr\u00f3l<\/span><br \/>\n<span style=\"color: #ffffff;\">hullanak puha k\u00f6vek.<\/span><br \/>\n<span style=\"color: #ffffff;\">Csermelyek vallanak.<\/span><br \/>\n<span style=\"color: #ffffff;\">Hallanak a f\u00e1k.<\/span><br \/>\n<span style=\"color: #ffffff;\">\u00c1gaikr\u00f3l neszek pattanva s\u00fagnak<\/span><br \/>\n<span style=\"color: #ffffff;\">f\u00e1radt v\u00e1ndorl\u00e9lekhez.<\/span><br \/>\n<span style=\"color: #ffffff;\">Od\u00fa-\u0151rz\u0151,<\/span><br \/>\n<span style=\"color: #ffffff;\">sz\u00e1rnyas alakban kering\u0151<\/span><br \/>\n<span style=\"color: #ffffff;\">a b\u00fckk\u00f6k isten\u00e9hez foh\u00e1szkod\u00f3 az eml\u00e9kezet.<\/span><br \/>\n<span style=\"color: #ffffff;\">\u00d3, te nappal is pill\u00e1z\u00f3,<\/span><br \/>\n<span style=\"color: #ffffff;\">te \u0151sneves csillag!<\/span><br \/>\n<span style=\"color: #ffffff;\">Egy j\u00f3ra int\u0151 ujj,<\/span><br \/>\n<span style=\"color: #ffffff;\">a messzi k\u00e9kl\u0151 \u00e9g zsar\u00e1tnok<br \/>\nkacagva homlokomba b\u00faj!<\/span><\/p>\n<p><span style=\"color: #ffffff;\">2018.02.17 K.V.<\/span><\/p>\n","protected":false},"excerpt":{"rendered":"<p>Tejsz\u00edn\u0171 eml\u00e9k Kormos k\u00f6ld\u00f6k: halv\u00e1ny k\u00f6l\u00f6k-kor v\u00e1lik porr\u00e1 csontok k\u00f6z\u00f6tt. Ez\u00fcst erd\u0151ben tejsz\u00edn lombkoron\u00e1kr\u00f3l hullanak puha k\u00f6vek. Csermelyek vallanak. Hallanak<\/p>\n","protected":false},"author":1,"featured_media":0,"comment_status":"closed","ping_status":"closed","sticky":false,"template":"","format":"standard","meta":{"footnotes":""},"categories":[30],"tags":[102,38],"_links":{"self":[{"href":"https:\/\/www.kobzavajk.com\/web\/wp-json\/wp\/v2\/posts\/2640"}],"collection":[{"href":"https:\/\/www.kobzavajk.com\/web\/wp-json\/wp\/v2\/posts"}],"about":[{"href":"https:\/\/www.kobzavajk.com\/web\/wp-json\/wp\/v2\/types\/post"}],"author":[{"embeddable":true,"href":"https:\/\/www.kobzavajk.com\/web\/wp-json\/wp\/v2\/users\/1"}],"replies":[{"embeddable":true,"href":"https:\/\/www.kobzavajk.com\/web\/wp-json\/wp\/v2\/comments?post=2640"}],"version-history":[{"count":0,"href":"https:\/\/www.kobzavajk.com\/web\/wp-json\/wp\/v2\/posts\/2640\/revisions"}],"wp:attachment":[{"href":"https:\/\/www.kobzavajk.com\/web\/wp-json\/wp\/v2\/media?parent=2640"}],"wp:term":[{"taxonomy":"category","embeddable":true,"href":"https:\/\/www.kobzavajk.com\/web\/wp-json\/wp\/v2\/categories?post=2640"},{"taxonomy":"post_tag","embeddable":true,"href":"https:\/\/www.kobzavajk.com\/web\/wp-json\/wp\/v2\/tags?post=2640"}],"curies":[{"name":"wp","href":"https:\/\/api.w.org\/{rel}","templated":true}]}}