{"id":2664,"date":"2018-03-12T10:00:06","date_gmt":"2018-03-12T08:00:06","guid":{"rendered":"http:\/\/www.kobzavajk.com\/web\/?p=2664"},"modified":"2018-03-14T10:04:49","modified_gmt":"2018-03-14T08:04:49","slug":"mmart-44-kobza-vajk-a-vilagokat-szulo-latofa-regei-kiallitas-2018-03-20-kedd-19-ora-macska-pub-galeria-bp-fellep-boga-trio","status":"publish","type":"post","link":"https:\/\/www.kobzavajk.com\/web\/mmart-44-kobza-vajk-a-vilagokat-szulo-latofa-regei-kiallitas-2018-03-20-kedd-19-ora-macska-pub-galeria-bp-fellep-boga-trio\/","title":{"rendered":"MMart 44 | Kobza Vajk &#8211; A vil\u00e1gokat sz\u00fcl\u0151 l\u00e1t\u00f3fa reg\u00e9i &#8211; Ki\u00e1ll\u00edt\u00e1s. 2018.03.20., kedd 19 \u00f3ra, Macska Pub &#038; Gal\u00e9ria, Bp. Fell\u00e9p: BOGA Tri\u00f3"},"content":{"rendered":"<p><span style=\"color: #ffffff;\">A Memento Mori a tavaszi nap-\u00e9j egyenl\u0151s\u00e9g egy\u00fctt\u00e1ll\u00e1s\u00e1ban, a Tavasz torn\u00e1c\u00e1n Kobza Vajkot, egyes\u00fclet\u00e9nek tagj\u00e1t mutatja be a Macska Pubban.<\/span><\/p>\n<p><span style=\"color: #ffffff;\">&#8222;Az alkot\u00f3 1984-ben sz\u00fcletett. Zen\u00e9sz, t\u00f6bb keleti penget\u0151s hangszeren is j\u00e1tszik. \u00c9rdekl\u0151d\u00e9si k\u00f6r\u00e9be tartoznak: a kalligr\u00e1fia, a bels\u0151 \u00f6sv\u00e9ny, az eredetkutat\u00e1s \u00e9s a s\u00e1m\u00e1nisztikus vil\u00e1gk\u00e9p. Antikv\u00e1riusk\u00e9nt dolgozik. Jelenleg Szentendr\u00e9n \u00e9l \u00e9s alkot.&#8221; &#8211; (Nap\u00fat)<\/span><\/p>\n<p><span style=\"color: #ffffff;\">:::::::::::::::::::::::::::::::::::::::::::::::::::::::::::::::::::::::::::::::::::::::::::::::::::::::::::::::::::::::::::::::::::::::::::::::::::::::::::::::::::::::::::::::::::::::::::::::::::::::::::::::::::::::::::::::::::::::::::::::::::::::::::::<\/span><\/p>\n<p><strong><span style=\"color: #ffffff;\">MMart 44 | Kobza Vajk &#8211; A vil\u00e1gokat sz\u00fcl\u0151 l\u00e1t\u00f3fa reg\u00e9i<\/span><\/strong><\/p>\n<p><span style=\"color: #ffffff;\">:::::::::::::::::::::::::::::::::::::::::::::::::::::::::::::::::::::::::::::::::::::::::::::::::::::::::::::::::::::::::::::::::::::::::::::::::::::::::::::::::::::::::::::::::::::::::::::::::::::::::::::::::::::::::::::::::::::::::::::::::::::::::::::<\/span><\/p>\n<p><span style=\"color: #ffffff;\">Ki\u00e1ll\u00edt\u00e1s c\u00edme: A vil\u00e1gokat sz\u00fcl\u0151 l\u00e1t\u00f3fa reg\u00e9i<\/span><br \/>\n<span style=\"color: #ffffff;\"> D\u00e1tum: 2018.03.20., kedd 19 \u00f3ra<\/span><br \/>\n<span style=\"color: #ffffff;\"> Helysz\u00edn: Macska Pub, Budapest, VIII. ker. B\u00e9rkocsis utca 23.<\/span><br \/>\n<span style=\"color: #ffffff;\"> A bel\u00e9p\u00e9s d\u00edjtalan!<\/span><br \/>\n<span style=\"color: #ffffff;\"> A ki\u00e1ll\u00edt\u00e1s egy h\u00f3napon kereszt\u00fcl megtekinthet\u0151.<\/span><br \/>\n<span style=\"color: #ffffff;\"> \u200bEsem\u00e9ny a Facebook-on: <a style=\"color: #ffffff;\" href=\"https:\/\/www.facebook.com\/events\/152956715514802\/\" target=\"_blank\" rel=\"noopener\">https:\/\/www.facebook.com\/events\/152956715514802\/<\/a><\/span><\/p>\n<p><span style=\"color: #ffffff;\">:::::::::::::::::::::::::::::::::::::::::::::::::::::::::::::::::::::::::::::::::::::::::::::::::::::::::::::::::::::::::::::::::::::::::::::::::::::::::::::::::::::::::::::::::::::::::::::::::::::::::::::::::::::::::::::::::::::::::::::::::::::::::::::<\/span><\/p>\n<p><span style=\"color: #ffffff;\">PROGRAM:<\/span><\/p>\n<p><span style=\"color: #ffffff;\">19:00 A ki\u00e1ll\u00edt\u00e1st megnyitja To\u00f3t-Holl\u00f3 Tam\u00e1s \u00edr\u00f3, szerkeszt\u0151 (MTA &#8211; irodalomtudom\u00e1ny kandid\u00e1tusa),<\/span><br \/>\n<span style=\"color: #ffffff;\"> a garabonci\u00e1s hagyom\u00e1ny kutat\u00f3ja.<\/span><\/p>\n<p><span style=\"color: #ffffff;\">19:30 R\u00f6vid koncertet ad a Boga zenekar penget\u0151s szekci\u00f3ja:<\/span><\/p>\n<p><span style=\"color: #ffffff;\">Bakai M\u00e1rton \u2013 heged\u0171<\/span><br \/>\n<span style=\"color: #ffffff;\"> Heidrich Roland \u2013 villanygit\u00e1r<\/span><br \/>\n<span style=\"color: #ffffff;\"> Kobza Vajk \u2013 ud, prepar\u00e1lt baglama<\/span><\/p>\n<p><span style=\"color: #ffffff;\">\u00cdzel\u00edt\u0151 a BOGA zen\u00e9j\u00e9b\u0151l: <a style=\"color: #ffffff;\" href=\"http:\/\/bit.ly\/2qYW0St\" target=\"_blank\" rel=\"noopener\">http:\/\/bit.ly\/2qYW0St<\/a><\/span><\/p>\n<p><span style=\"color: #ffffff;\">::::::::::::::::::::::::::::::::::::::::::::::::::::::::::::::::::::::::::::::::::::::::::::::::::::::::::::::::::::::::::::::::::::::::::::::::::::::::::::::::::::::::::::::::::::::::::::::::::::::::::::::::::::::::::::::::::::::::::::::::::::::::::::::<\/span><\/p>\n<p><span style=\"color: #ffffff;\">Le\u00edr\u00e1s:<\/span><br \/>\n<span style=\"color: #ffffff;\"> &#8222;A reg\u00e9k az eredend\u0151vel sz\u00fcletnek \u00e9s az eredend\u0151be t\u00e9rnek vissza. Az eredetmes\u00e9k, a benn\u00fcnk \u00e9l\u0151 m\u00edtoszok k\u00e9panyaga: form\u00e1k, eleven gondolatok vil\u00e1ga. Az ezt megel\u0151z\u0151 \u00e9s az ezt k\u00f6vet\u0151 \u00e1llapot: form\u00e1tlan, gondolat n\u00e9lk\u00fcli, v\u00e9gtelen \u00e9s id\u0151tlen.<\/span><br \/>\n<span style=\"color: #ffffff;\"> Csak a tudatoss\u00e1g van jelen. \u00c9s ebben a tudatoss\u00e1gban t\u00f6rt\u00e9nik minden. Ebben sz\u00fcletnek, vil\u00e1glanak \u00e9s hunynak el vil\u00e1gok. Itt kelnek \u00e9letre k\u00e9pek, mes\u00e9k, reg\u00e9k, m\u00edtoszok \u00e9s egym\u00e1ssal kar\u00f6ltve v\u00e1ltoz\u00f3k \u00e9s \u00e1lland\u00f3k.<\/span><br \/>\n<span style=\"color: #ffffff;\"> A benn\u00fcnk el\u0151l\u00e9p\u0151 eredend\u0151 megid\u00e9z\u00e9s\u00e9vel felt\u00e1rulnak bels\u0151 \u00f6r\u00f6k mes\u00e9ink, reg\u00e9ink \u00e9s szem\u00e9lyes mitol\u00f3gi\u00e1nk. Gerinc\u00fcnk ment\u00e9n felkapaszkodva a szellemi vil\u00e1gok fel\u00e9 magunk is l\u00e1t\u00f3f\u00e1v\u00e1 v\u00e1lunk. R\u00e1l\u00e1tunk az eredend\u0151re, mely a nem l\u00e1that\u00f3 vil\u00e1gban gy\u00f6kerezik. Megl\u00e1tjuk t\u00f6rzs\u00fcnket, f\u00f6ldi \u0171rruh\u00e1nkat \u00e9s annak eszk\u00f6zeit: \u00e9rz\u00e9kszerveinket. Majd egyre feljebb k\u00faszva meg\u00e9lhetj\u00fck leheletfinom szellemanyagunkat, mely hatalmas lombkoronak\u00e9nt ny\u00falik a v\u00e9gtelenbe.<\/span><br \/>\n<span style=\"color: #ffffff;\"> A l\u00e1t\u00f3f\u00e1n megkapaszkodva, elcsendesedve l\u00e1that\u00f3v\u00e1 v\u00e1lik, amint vil\u00e1gok sz\u00fcletnek \u00e9s elm\u00falnak. Form\u00e1k jelennek meg \u00e9s t\u0171nnek el. Maga a l\u00e1t\u00f3fa sz\u00fcli a vil\u00e1gokat, mes\u00e9ket, reg\u00e9ket. \u00c9s \u00e9rezhetj\u00fck, amint azok visszat\u00e9rnek az eredend\u0151be, gy\u00f6ker\u00fcnkbe, \u00f6nmagunkba.<\/span><\/p>\n<p><span style=\"color: #ffffff;\">A ki\u00e1ll\u00edt\u00e1s k\u00e9pei sz\u00fclet\u00e9sekr\u0151l, pillanatnyi megjelen\u00e9sekr\u0151l, visszat\u00e9r\u00e9sek \u00e1llapotair\u00f3l; az \u00f6r\u00f6k ciklikuss\u00e1g m\u00f6g\u00f6tt h\u00faz\u00f3d\u00f3 v\u00e9gtelen \u00e9s id\u0151tlen tudatoss\u00e1gr\u00f3l reg\u00e9lnek.<\/span><br \/>\n<span style=\"color: #ffffff;\"> Ti felkapaszkodtatok valaha a l\u00e1t\u00f3f\u00e1ra? \u00c9s ha igen, mit l\u00e1ttatok? Reg\u00e9ljetek!&#8221;<\/span><\/p>\n<p><span style=\"color: #ffffff;\">:::::::::::::::::::::::::::::::::::::::::::::::::::::::::::::::::::::::::::::::::::::::::::::::::::::::::::::::::::::::::::::::::::::::::::::::::::::::::::::::::::::::::::::::::::::::::::::::::::::::::::::::::::::::::::::::::::::::::::::::::::::::::::::::<\/span><\/p>\n<p><span style=\"color: #ffffff;\">Friss interj\u00fa a Dr\u00f3t magazinban: <a style=\"color: #ffffff;\" href=\"http:\/\/drot.eu\/article\/mar-elotte-rajzoltam-de-igy-meg-soha-interju-kobza-vajkkal\" target=\"_blank\" rel=\"noopener\">http:\/\/drot.eu\/article\/mar-elotte-rajzoltam-de-igy-meg-soha-interju-kobza-vajkkal<\/a><\/span><\/p>\n<p><span style=\"color: #ffffff;\">:::::::::::::::::::::::::::::::::::::::::::::::::::::::::::::::::::::::::::::::::::::::::::::::::::::::::::::::::::::::::::::::::::::::::::::::::::::::::::::::::::::::::::::::::::::::::::::::::::::::::::::::::::::::::::::::::::::::::::::::::::::::::::::::<\/span><\/p>\n<p><span style=\"color: #ffffff;\">Szervez\u0151: Memento Mori Egyes\u00fclet &#8211; www.mementomori.hu<\/span><\/p>\n<p><span style=\"color: #ffffff;\">:::::::::::::::::::::::::::::::::::::::::::::::::::::::::::::::::::::::::::::::::::::::::::::::::::::::::::::::::::::::::::::::::::::::::::::::::::::::::::::::::::::::::::::::::::::::::::::::::::::::::::::::::::::::::::::::::::::::::::::::::::::::::::::::<\/span><\/p>\n<p><span style=\"color: #ffffff;\">Tov\u00e1bbi inform\u00e1ci\u00f3 az alkot\u00f3r\u00f3l: www.kobzavajk.com<\/span><\/p>\n<p><span style=\"color: #ffffff;\">:::::::::::::::::::::::::::::::::::::::::::::::::::::::::::::::::::::::::::::::::::::::::::::::::::::::::::::::::::::::::::::::::::::::::::::::::::::::::::::::::::::::::::::::::::::::::::::::::::::::::::::::::::::::::::::::::::::::::::::::::::::::::::::::<\/span><\/p>\n<p><span style=\"color: #ffffff;\">Sok szeretettel v\u00e1runk mindenkit!<\/span><br \/>\n<span style=\"color: #ffffff;\"> \u00c1ld\u00e1s az \u00faton j\u00e1r\u00f3knak!<\/span><\/p>\n","protected":false},"excerpt":{"rendered":"<p>A Memento Mori a tavaszi nap-\u00e9j egyenl\u0151s\u00e9g egy\u00fctt\u00e1ll\u00e1s\u00e1ban, a Tavasz torn\u00e1c\u00e1n Kobza Vajkot, egyes\u00fclet\u00e9nek tagj\u00e1t mutatja be a Macska Pubban.<\/p>\n","protected":false},"author":1,"featured_media":2665,"comment_status":"closed","ping_status":"closed","sticky":false,"template":"","format":"standard","meta":{"footnotes":""},"categories":[1],"tags":[102,106,105,107,27,23,108,109],"_links":{"self":[{"href":"https:\/\/www.kobzavajk.com\/web\/wp-json\/wp\/v2\/posts\/2664"}],"collection":[{"href":"https:\/\/www.kobzavajk.com\/web\/wp-json\/wp\/v2\/posts"}],"about":[{"href":"https:\/\/www.kobzavajk.com\/web\/wp-json\/wp\/v2\/types\/post"}],"author":[{"embeddable":true,"href":"https:\/\/www.kobzavajk.com\/web\/wp-json\/wp\/v2\/users\/1"}],"replies":[{"embeddable":true,"href":"https:\/\/www.kobzavajk.com\/web\/wp-json\/wp\/v2\/comments?post=2664"}],"version-history":[{"count":0,"href":"https:\/\/www.kobzavajk.com\/web\/wp-json\/wp\/v2\/posts\/2664\/revisions"}],"wp:featuredmedia":[{"embeddable":true,"href":"https:\/\/www.kobzavajk.com\/web\/wp-json\/wp\/v2\/media\/2665"}],"wp:attachment":[{"href":"https:\/\/www.kobzavajk.com\/web\/wp-json\/wp\/v2\/media?parent=2664"}],"wp:term":[{"taxonomy":"category","embeddable":true,"href":"https:\/\/www.kobzavajk.com\/web\/wp-json\/wp\/v2\/categories?post=2664"},{"taxonomy":"post_tag","embeddable":true,"href":"https:\/\/www.kobzavajk.com\/web\/wp-json\/wp\/v2\/tags?post=2664"}],"curies":[{"name":"wp","href":"https:\/\/api.w.org\/{rel}","templated":true}]}}