{"id":2723,"date":"2016-07-22T13:44:10","date_gmt":"2016-07-22T11:44:10","guid":{"rendered":"http:\/\/www.kobzavajk.com\/web\/?p=2723"},"modified":"2020-09-16T13:11:08","modified_gmt":"2020-09-16T11:11:08","slug":"jelkeppe-valva-nemeth-laszlo-fritz-nek-ajanlva","status":"publish","type":"post","link":"https:\/\/www.kobzavajk.com\/web\/jelkeppe-valva-nemeth-laszlo-fritz-nek-ajanlva\/","title":{"rendered":"Jelk\u00e9pp\u00e9 v\u00e1lva:  N\u00e9meth L\u00e1szl\u00f3 Fritz-nek aj\u00e1nlva!"},"content":{"rendered":"<p><span style=\"color: #ffcc00;\">Jelk\u00e9pp\u00e9 v\u00e1lva (N\u00e9meth L\u00e1szl\u00f3 Fritz-nek aj\u00e1nlva!)<\/span><\/p>\n<p><span style=\"color: #ffffff;\">H\u00e1rom szem mered a l\u00e1t\u00f3hat\u00e1rra.<\/span><br \/>\n<span style=\"color: #ffffff;\">Nap szent\u00fcl.<\/span><\/p>\n<p><span style=\"color: #ffffff;\">Szokatlan zamat\u00fa az elm\u00fal\u00e1s.<\/span><br \/>\n<span style=\"color: #ffffff;\">Az \u00e9j egy alv\u00f3 l\u00e9ny.<\/span><br \/>\n<span style=\"color: #ffffff;\">Test-szit\u00e1j\u00e1n cs\u00fcngnek, morz\u00e9znak a csillagok.<\/span><br \/>\n<span style=\"color: #ffffff;\">F\u00f6ldi termeted dr\u00e1ga porr\u00e1 v\u00e1lik,<\/span><br \/>\n<span style=\"color: #ffffff;\">l\u00e9lekf\u00e9ny-hagyat\u00e9k k\u00f6lt\u00f6zik sz\u00edv\u00fcnkbe.<\/span><\/p>\n<p><span style=\"color: #ffffff;\">Jelk\u00e9pt\u00e1rr\u00e1 v\u00e1lsz.<\/span><br \/>\n<span style=\"color: #ffffff;\">Itt az id\u0151 leford\u00edtani e rejtjeleket azoknak,<\/span><br \/>\n<span style=\"color: #ffffff;\">kik nem \u00e9lik a halhatatlans\u00e1got,<\/span><br \/>\n<span style=\"color: #ffffff;\">mely a f\u00f6ldi hal\u00e1llal,<\/span><br \/>\n<span style=\"color: #ffffff;\">orrnyereg luk\u00e1n, vagy fejtet\u0151n kib\u00fajva egy\u00fctt j\u00e1r!<\/span><\/p>\n<p><span style=\"color: #ffffff;\">A Napunk ah\u00e1nyszor lebukott,<\/span><br \/>\n<span style=\"color: #ffffff;\">mi is jell\u00e9 v\u00e1ltunk.<\/span><br \/>\n<span style=\"color: #ffffff;\">Eml\u00e9kezz!<\/span><\/p>\n<p><span style=\"color: #ffffff;\">\u00d6rv\u00e9nyl\u0151, szikr\u00e1z\u00f3 porok k\u00f6zt zuhantunk<\/span><br \/>\n<span style=\"color: #ffffff;\">s \u00f6r\u00f6m\u00f6n t\u00fal rep\u00fclt\u00fcnk.<\/span><br \/>\n<span style=\"color: #ffffff;\">Bolyg\u00f3t v\u00e1lasztottunk,<\/span><br \/>\n<span style=\"color: #ffffff;\">kilencet \u00e1lmodtunk<\/span><br \/>\n<span style=\"color: #ffffff;\">s \u00fajra felkelt a Nap.<\/span><\/p>\n<p><span style=\"color: #ffffff;\">E ritu\u00e1l\u00e9: \u00e9ji n\u00e1sz a Mindens\u00e9ggel.<\/span><br \/>\n<span style=\"color: #ffffff;\">T\u00e9ged h\u00edv ez a kozmikus toborz\u00f3,<\/span><br \/>\n<span style=\"color: #ffffff;\">\u00e9gi soroz\u00e1s,<\/span><br \/>\n<span style=\"color: #ffffff;\">egy r\u00e9gi kir\u00e1lyfi sereg\u00e9ben!<\/span><\/p>\n<p><span style=\"color: #ffffff;\">\u00c9j \u00e9s Nap veled!<\/span><\/p>\n<p><span style=\"color: #ffffff;\">2016.07.22. K.V.<\/span><\/p>\n","protected":false},"excerpt":{"rendered":"<p>Jelk\u00e9pp\u00e9 v\u00e1lva (N\u00e9meth L\u00e1szl\u00f3 Fritz-nek aj\u00e1nlva!) H\u00e1rom szem mered a l\u00e1t\u00f3hat\u00e1rra. Nap szent\u00fcl. Szokatlan zamat\u00fa az elm\u00fal\u00e1s. Az \u00e9j egy<\/p>\n","protected":false},"author":1,"featured_media":0,"comment_status":"closed","ping_status":"closed","sticky":false,"template":"","format":"standard","meta":{"footnotes":""},"categories":[30],"tags":[50,38],"_links":{"self":[{"href":"https:\/\/www.kobzavajk.com\/web\/wp-json\/wp\/v2\/posts\/2723"}],"collection":[{"href":"https:\/\/www.kobzavajk.com\/web\/wp-json\/wp\/v2\/posts"}],"about":[{"href":"https:\/\/www.kobzavajk.com\/web\/wp-json\/wp\/v2\/types\/post"}],"author":[{"embeddable":true,"href":"https:\/\/www.kobzavajk.com\/web\/wp-json\/wp\/v2\/users\/1"}],"replies":[{"embeddable":true,"href":"https:\/\/www.kobzavajk.com\/web\/wp-json\/wp\/v2\/comments?post=2723"}],"version-history":[{"count":0,"href":"https:\/\/www.kobzavajk.com\/web\/wp-json\/wp\/v2\/posts\/2723\/revisions"}],"wp:attachment":[{"href":"https:\/\/www.kobzavajk.com\/web\/wp-json\/wp\/v2\/media?parent=2723"}],"wp:term":[{"taxonomy":"category","embeddable":true,"href":"https:\/\/www.kobzavajk.com\/web\/wp-json\/wp\/v2\/categories?post=2723"},{"taxonomy":"post_tag","embeddable":true,"href":"https:\/\/www.kobzavajk.com\/web\/wp-json\/wp\/v2\/tags?post=2723"}],"curies":[{"name":"wp","href":"https:\/\/api.w.org\/{rel}","templated":true}]}}