{"id":2737,"date":"2014-05-12T14:18:43","date_gmt":"2014-05-12T12:18:43","guid":{"rendered":"http:\/\/www.kobzavajk.com\/web\/?p=2737"},"modified":"2020-09-16T14:19:42","modified_gmt":"2020-09-16T12:19:42","slug":"nem-az-lettem","status":"publish","type":"post","link":"https:\/\/www.kobzavajk.com\/web\/nem-az-lettem\/","title":{"rendered":"Nem az lettem"},"content":{"rendered":"<p><span style=\"color: #ffcc00;\">Nem az lettem<\/span><\/p>\n<p><span style=\"color: #ffffff;\">Nem m\u00e9ly\u00fclt az arc s nem lett forr\u00f3 az \u00e1gy.<\/span><br \/>\n<span style=\"color: #ffffff;\">Elfeledem e mer\u00fcl\u00e9st.<\/span><br \/>\n<span style=\"color: #ffffff;\">Hajad lev\u00e1gom.<\/span><\/p>\n<p><span style=\"color: #ffffff;\">Nem hajb\u00f3kolnak m\u00e1r reggeli \u00e1rnyak.<\/span><br \/>\n<span style=\"color: #ffffff;\">M\u00e1r nem k\u00f6tsz g\u00fazsba,<\/span><br \/>\n<span style=\"color: #ffffff;\">elsuhansz t\u00fckr\u00f6m el\u0151tt.<\/span><\/p>\n<p><span style=\"color: #ffffff;\">Ki\u00fct\u00f6m magam a l\u00e1z\u00e1lomb\u00f3l!<\/span><\/p>\n<p><span style=\"color: #ffffff;\">Az \u0171r hideg t\u00e1vols\u00e1g\u00e1t \u00edzlelem,<\/span><br \/>\n<span style=\"color: #ffffff;\">az \u00e9g-\u00edg\u00e9r\u0151 fa \u00e9rdes k\u00e9rg\u00e9t.<\/span><br \/>\n<span style=\"color: #ffffff;\">Feljebb k\u00faszom, kapaszkodom az \u00e9gbe.<\/span><br \/>\n<span style=\"color: #ffffff;\">El\u0151re tekintek az \u00fat m\u00e9ly\u00e9n t\u00fckr\u00f6z\u0151d\u0151 t\u00e9rbe.<\/span><br \/>\n<span style=\"color: #ffffff;\">Meredek ter\u00e1d. Magamra.<\/span><\/p>\n<p><span style=\"color: #ffffff;\">\u00c1m m\u00e9gis\u2026<\/span><\/p>\n<p><span style=\"color: #ffffff;\">Ravaszul r\u00e1szedtek, h\u00edzelg\u0151 ez\u00fcstillatok.<\/span><br \/>\n<span style=\"color: #ffffff;\">S mire feleszm\u00e9ltem,<\/span><br \/>\n<span style=\"color: #ffffff;\">K\u00f6rbe zsongtak a f\u00e1radt csillagok.<\/span><\/p>\n<p><span style=\"color: #ffffff;\">2014.10.10 K.V.<\/span><\/p>\n","protected":false},"excerpt":{"rendered":"<p>Nem az lettem Nem m\u00e9ly\u00fclt az arc s nem lett forr\u00f3 az \u00e1gy. Elfeledem e mer\u00fcl\u00e9st. Hajad lev\u00e1gom. Nem hajb\u00f3kolnak<\/p>\n","protected":false},"author":1,"featured_media":0,"comment_status":"closed","ping_status":"closed","sticky":false,"template":"","format":"standard","meta":{"footnotes":""},"categories":[30],"tags":[63,38],"_links":{"self":[{"href":"https:\/\/www.kobzavajk.com\/web\/wp-json\/wp\/v2\/posts\/2737"}],"collection":[{"href":"https:\/\/www.kobzavajk.com\/web\/wp-json\/wp\/v2\/posts"}],"about":[{"href":"https:\/\/www.kobzavajk.com\/web\/wp-json\/wp\/v2\/types\/post"}],"author":[{"embeddable":true,"href":"https:\/\/www.kobzavajk.com\/web\/wp-json\/wp\/v2\/users\/1"}],"replies":[{"embeddable":true,"href":"https:\/\/www.kobzavajk.com\/web\/wp-json\/wp\/v2\/comments?post=2737"}],"version-history":[{"count":0,"href":"https:\/\/www.kobzavajk.com\/web\/wp-json\/wp\/v2\/posts\/2737\/revisions"}],"wp:attachment":[{"href":"https:\/\/www.kobzavajk.com\/web\/wp-json\/wp\/v2\/media?parent=2737"}],"wp:term":[{"taxonomy":"category","embeddable":true,"href":"https:\/\/www.kobzavajk.com\/web\/wp-json\/wp\/v2\/categories?post=2737"},{"taxonomy":"post_tag","embeddable":true,"href":"https:\/\/www.kobzavajk.com\/web\/wp-json\/wp\/v2\/tags?post=2737"}],"curies":[{"name":"wp","href":"https:\/\/api.w.org\/{rel}","templated":true}]}}