{"id":2986,"date":"2018-07-23T13:16:52","date_gmt":"2018-07-23T11:16:52","guid":{"rendered":"http:\/\/www.kobzavajk.com\/web\/?p=2986"},"modified":"2021-01-10T22:29:30","modified_gmt":"2021-01-10T20:29:30","slug":"nevesincs-ero","status":"publish","type":"post","link":"https:\/\/www.kobzavajk.com\/web\/nevesincs-ero\/","title":{"rendered":"Nevesincs er\u0151"},"content":{"rendered":"<p><span style=\"color: #ffcc00;\">Nevesincs er\u0151<\/span><\/p>\n<p><span style=\"color: #ffffff;\">Sz\u00e1mtalan ideje az \u0171r\u00f6n \u00e1t<\/span><br \/>\n<span style=\"color: #ffffff;\">f\u00e9nnyel itat egy nevesincs er\u0151.<\/span><\/p>\n<p><span style=\"color: #ffffff;\">L\u00e1ngnyelvk\u00e9nt hasadtunk<\/span><br \/>\n<span style=\"color: #ffffff;\">e t\u00fczes s\u00e1rgoly\u00f3ra.<\/span><br \/>\n<span style=\"color: #ffffff;\">Akkor <\/span><span style=\"color: #ffffff;\">\u00e9reztelek<\/span><br \/>\n<span style=\"color: #ffffff;\">\u00a0s vesztettelek v\u00e9gleg<\/span><br \/>\n<span style=\"color: #ffffff;\">szem el\u0151l.<\/span><\/p>\n<p><span style=\"color: #ffffff;\">Kereslek.<\/span><br \/>\n<span style=\"color: #ffffff;\">Nem tal\u00e1llak.<\/span><\/p>\n<p><span style=\"color: #ffffff;\">Vil\u00e1gok \u0151re!<\/span><br \/>\n<span style=\"color: #ffffff;\">Fellebbentem<\/span><br \/>\n<span style=\"color: #ffffff;\">az el\u00e9m omlott<\/span><br \/>\n<span style=\"color: #ffffff;\">f\u00e1tyolfalat,<\/span><br \/>\n<span style=\"color: #ffffff;\">a koromf\u00fcgg\u00f6nyt.\u00a0<\/span><br \/>\n<span style=\"color: #ffffff;\">Visszatekintek.\u00a0<\/span><\/p>\n<p><span style=\"color: #ffffff;\">Szemek m\u00f6g\u00f6tt,<\/span><br \/>\n<span style=\"color: #ffffff;\">a kozmosz m\u00e1sik fel\u00e9n<\/span><br \/>\n<span style=\"color: #ffffff;\">kacsint a nevesincs er\u0151.<\/span><br \/>\n<span style=\"color: #ffffff;\">Csillagokkal t\u0171zdelt\u00a0<\/span><br \/>\n<span style=\"color: #ffffff;\">k\u00f6penyt ter\u00edt s\u00a0<\/span><br \/>\n<span style=\"color: #ffffff;\">Megr\u00e1zza hangtalan.<\/span><br \/>\n<span style=\"color: #ffffff;\">Fekete korongok omlanak<\/span><br \/>\n<span style=\"color: #ffffff;\">\u00f6ssze.<\/span><\/p>\n<p>Vil\u00e1gok pusztulnak \u00e9s sz\u00fcletnek \u00f6lembe.<\/p>\n<p><span style=\"color: #ffffff;\">Napp\u00e1 v\u00e1lni<\/span><br \/>\n<span style=\"color: #ffffff;\">m\u00e1s vil\u00e1gban &#8211;<\/span><br \/>\n<span style=\"color: #ffffff;\">j\u00f6ssz-e?<\/span><\/p>\n<p><span style=\"color: #ffffff;\">2018.07.23 K.V.<\/span><\/p>\n","protected":false},"excerpt":{"rendered":"<p>Nevesincs er\u0151 Sz\u00e1mtalan ideje az \u0171r\u00f6n \u00e1t f\u00e9nnyel itat egy nevesincs er\u0151. L\u00e1ngnyelvk\u00e9nt hasadtunk e t\u00fczes s\u00e1rgoly\u00f3ra. Akkor \u00e9reztelek \u00a0s<\/p>\n","protected":false},"author":1,"featured_media":0,"comment_status":"closed","ping_status":"closed","sticky":false,"template":"","format":"standard","meta":{"footnotes":""},"categories":[30],"tags":[102,110,38],"_links":{"self":[{"href":"https:\/\/www.kobzavajk.com\/web\/wp-json\/wp\/v2\/posts\/2986"}],"collection":[{"href":"https:\/\/www.kobzavajk.com\/web\/wp-json\/wp\/v2\/posts"}],"about":[{"href":"https:\/\/www.kobzavajk.com\/web\/wp-json\/wp\/v2\/types\/post"}],"author":[{"embeddable":true,"href":"https:\/\/www.kobzavajk.com\/web\/wp-json\/wp\/v2\/users\/1"}],"replies":[{"embeddable":true,"href":"https:\/\/www.kobzavajk.com\/web\/wp-json\/wp\/v2\/comments?post=2986"}],"version-history":[{"count":0,"href":"https:\/\/www.kobzavajk.com\/web\/wp-json\/wp\/v2\/posts\/2986\/revisions"}],"wp:attachment":[{"href":"https:\/\/www.kobzavajk.com\/web\/wp-json\/wp\/v2\/media?parent=2986"}],"wp:term":[{"taxonomy":"category","embeddable":true,"href":"https:\/\/www.kobzavajk.com\/web\/wp-json\/wp\/v2\/categories?post=2986"},{"taxonomy":"post_tag","embeddable":true,"href":"https:\/\/www.kobzavajk.com\/web\/wp-json\/wp\/v2\/tags?post=2986"}],"curies":[{"name":"wp","href":"https:\/\/api.w.org\/{rel}","templated":true}]}}