{"id":3025,"date":"2018-09-17T21:55:52","date_gmt":"2018-09-17T19:55:52","guid":{"rendered":"http:\/\/www.kobzavajk.com\/web\/?p=3025"},"modified":"2020-07-23T06:37:19","modified_gmt":"2020-07-23T04:37:19","slug":"toredekek","status":"publish","type":"post","link":"https:\/\/www.kobzavajk.com\/web\/toredekek\/","title":{"rendered":"T\u00f6red\u00e9kek"},"content":{"rendered":"<p><span style=\"color: #ffcc00;\">T\u00f6red\u00e9kek<\/span><\/p>\n<p><span style=\"color: #ffffff;\">Piros m\u00e9g a var k\u00f6r\u00fcl.<\/span><br \/>\n<span style=\"color: #ffffff;\">Valaki \u00e1gyat vet, t\u00fckr\u00f6t t\u00f6r\u00fcl,<\/span><br \/>\n<span style=\"color: #ffffff;\">iszkol\u00f3 szellem felett.<\/span><\/p>\n<p><span style=\"color: #ffffff;\">\u0170r. Egy \u00e9g\u0151 f\u00e9nygoly\u00f3:<\/span><br \/>\n<span style=\"color: #ffffff;\">minden nap h\u00e9t foh\u00e1sz. \u00c9jsz\u00edn foly\u00f3<\/span><br \/>\n<span style=\"color: #ffffff;\">izzik, l\u00e1ngol a koh\u00e1sz.<\/span><br \/>\n<span style=\"color: #ffffff;\">\u2026<\/span><\/p>\n<p><span style=\"color: #ffffff;\">Fagy. J\u00e9g, h\u00f3, z\u00fazmara.<\/span><br \/>\n<span style=\"color: #ffffff;\">T\u00fcnd\u00e9rv\u00e1r elillan.<\/span><\/p>\n<p><span style=\"color: #ffffff;\">Iszterl\u00e1nci c\u00e9rna,<\/span><br \/>\n<span style=\"color: #ffffff;\">t\u0171t bef\u0171z, r\u00e1mcsillan.<\/span><\/p>\n<p><span style=\"color: #ffffff;\">V\u00f6d\u00f6r, k\u00fatba zuhan.<\/span><br \/>\n<span style=\"color: #ffffff;\">K\u00f6rl\u00e1nca megvillan.<\/span><\/p>\n<p><span style=\"color: #ffffff;\">Felh\u0151 l\u00e1b\u00e1n holl\u00f3k.<\/span><br \/>\n<span style=\"color: #ffffff;\">L\u00f3gnak vagy harmincan.<\/span><br \/>\n<span style=\"color: #ffffff;\">\u2026<\/span><\/p>\n<p><span style=\"color: #ffffff;\">Itt egy csepp tej likas k\u00f6v\u00f6n.<\/span><br \/>\n<span style=\"color: #ffffff;\">Ott meg \u00f3ri\u00e1s l\u00e9pked k\u00f6d\u00f6n!<\/span><\/p>\n<p><span style=\"color: #ffffff;\">Itt egy elt\u00e1voz\u00f3 holl\u00f3.<\/span><br \/>\n<span style=\"color: #ffffff;\">Ott a sz\u00f6v\u0151sz\u00e9ken oll\u00f3.<\/span><\/p>\n<p><span style=\"color: #ffffff;\">2018.09.17 K.V.<\/span><\/p>\n","protected":false},"excerpt":{"rendered":"<p>T\u00f6red\u00e9kek Piros m\u00e9g a var k\u00f6r\u00fcl. Valaki \u00e1gyat vet, t\u00fckr\u00f6t t\u00f6r\u00fcl, iszkol\u00f3 szellem felett. \u0170r. Egy \u00e9g\u0151 f\u00e9nygoly\u00f3: minden nap<\/p>\n","protected":false},"author":1,"featured_media":0,"comment_status":"closed","ping_status":"closed","sticky":false,"template":"","format":"standard","meta":{"footnotes":""},"categories":[30],"tags":[102,110,38],"_links":{"self":[{"href":"https:\/\/www.kobzavajk.com\/web\/wp-json\/wp\/v2\/posts\/3025"}],"collection":[{"href":"https:\/\/www.kobzavajk.com\/web\/wp-json\/wp\/v2\/posts"}],"about":[{"href":"https:\/\/www.kobzavajk.com\/web\/wp-json\/wp\/v2\/types\/post"}],"author":[{"embeddable":true,"href":"https:\/\/www.kobzavajk.com\/web\/wp-json\/wp\/v2\/users\/1"}],"replies":[{"embeddable":true,"href":"https:\/\/www.kobzavajk.com\/web\/wp-json\/wp\/v2\/comments?post=3025"}],"version-history":[{"count":0,"href":"https:\/\/www.kobzavajk.com\/web\/wp-json\/wp\/v2\/posts\/3025\/revisions"}],"wp:attachment":[{"href":"https:\/\/www.kobzavajk.com\/web\/wp-json\/wp\/v2\/media?parent=3025"}],"wp:term":[{"taxonomy":"category","embeddable":true,"href":"https:\/\/www.kobzavajk.com\/web\/wp-json\/wp\/v2\/categories?post=3025"},{"taxonomy":"post_tag","embeddable":true,"href":"https:\/\/www.kobzavajk.com\/web\/wp-json\/wp\/v2\/tags?post=3025"}],"curies":[{"name":"wp","href":"https:\/\/api.w.org\/{rel}","templated":true}]}}