{"id":3383,"date":"2019-05-11T16:02:43","date_gmt":"2019-05-11T14:02:43","guid":{"rendered":"http:\/\/www.kobzavajk.com\/web\/?p=3383"},"modified":"2022-01-19T23:26:11","modified_gmt":"2022-01-19T21:26:11","slug":"kivagom","status":"publish","type":"post","link":"https:\/\/www.kobzavajk.com\/web\/kivagom\/","title":{"rendered":"Kiv\u00e1gom"},"content":{"rendered":"<p><span style=\"color: #ffcc00;\">Kiv\u00e1gom<\/span><\/p>\n<p><span style=\"color: #ffffff;\">F\u00fcrk\u00e9szem \u0151r\u00fclet-t\u00e9pte arcod,<\/span><br \/>\n<span style=\"color: #ffffff;\">amint f\u00fajod a k\u00e1dat pen\u00e9sz\u00f6l\u0151vel.<\/span><br \/>\n<span style=\"color: #ffffff;\">Kanap\u00e9n heverve l\u00e1tom:<\/span><br \/>\n<span style=\"color: #ffffff;\">a sarkon sietve befordulsz<\/span><br \/>\n<span style=\"color: #ffffff;\">m\u00edg h\u00e1rom v\u00e9nasszony<\/span><br \/>\n<span style=\"color: #ffffff;\">k\u00f6sz\u00f6n r\u00e1d sz\u00fcrke,<\/span><br \/>\n<span style=\"color: #ffffff;\">borecetes nyelvvel.<\/span><br \/>\n<span style=\"color: #ffffff;\">Hideg verejt\u00e9k csorog homlokomr\u00f3l.<\/span><br \/>\n<span style=\"color: #ffffff;\">Zsibbad\u00f3 kezem szor\u00edtja<\/span><br \/>\n<span style=\"color: #ffffff;\">m\u00e9g meleg, puha p\u00e1rn\u00e1d.<\/span><br \/>\n<span style=\"color: #ffffff;\">\u00c9rzem amint s\u00edrsz.<\/span><br \/>\n<span style=\"color: #ffffff;\">A szoba fal\u00e1n egy mozg\u00f3 fekete pont.<\/span><br \/>\n<span style=\"color: #ffffff;\">Elord\u00edtom magam.<\/span><br \/>\n<span style=\"color: #ffffff;\">A sepr\u0171 ford\u00edtva \u00e1ll a sufniban,\u00a0<\/span><br \/>\n<span style=\"color: #ffffff;\">gerebly\u00e9t is elhagytam valahol.<\/span><br \/>\n<span style=\"color: #ffffff;\">Feleszm\u00e9lnek v\u00e9tkekt\u0151l ropog\u00f3 csontjaim<\/span><br \/>\n<span style=\"color: #ffffff;\">\u00e9s v\u00e1ratlanul megfesz\u00fcl\u0151 izmaim.<\/span><br \/>\n<span style=\"color: #ffffff;\">Ki\u00e1sott, rozsdamarta balt\u00e1m<\/span><br \/>\n<span style=\"color: #ffffff;\">a f\u00e9szerben megtal\u00e1lom,<\/span><br \/>\n<span style=\"color: #ffffff;\">s azt a korhad\u00f3, csonka f\u00e1t<\/span><br \/>\n<span style=\"color: #ffffff;\">a kedved\u00e9rt v\u00e9gleg kiv\u00e1gom.<\/span><\/p>\n<p><span style=\"color: #ffffff;\">2019.05.11 K.V.<\/span><\/p>\n","protected":false},"excerpt":{"rendered":"<p>Kiv\u00e1gom F\u00fcrk\u00e9szem \u0151r\u00fclet-t\u00e9pte arcod, amint f\u00fajod a k\u00e1dat pen\u00e9sz\u00f6l\u0151vel. Kanap\u00e9n heverve l\u00e1tom: a sarkon sietve befordulsz m\u00edg h\u00e1rom v\u00e9nasszony k\u00f6sz\u00f6n<\/p>\n","protected":false},"author":1,"featured_media":0,"comment_status":"closed","ping_status":"closed","sticky":false,"template":"","format":"standard","meta":{"footnotes":""},"categories":[30],"tags":[114,110,38],"_links":{"self":[{"href":"https:\/\/www.kobzavajk.com\/web\/wp-json\/wp\/v2\/posts\/3383"}],"collection":[{"href":"https:\/\/www.kobzavajk.com\/web\/wp-json\/wp\/v2\/posts"}],"about":[{"href":"https:\/\/www.kobzavajk.com\/web\/wp-json\/wp\/v2\/types\/post"}],"author":[{"embeddable":true,"href":"https:\/\/www.kobzavajk.com\/web\/wp-json\/wp\/v2\/users\/1"}],"replies":[{"embeddable":true,"href":"https:\/\/www.kobzavajk.com\/web\/wp-json\/wp\/v2\/comments?post=3383"}],"version-history":[{"count":0,"href":"https:\/\/www.kobzavajk.com\/web\/wp-json\/wp\/v2\/posts\/3383\/revisions"}],"wp:attachment":[{"href":"https:\/\/www.kobzavajk.com\/web\/wp-json\/wp\/v2\/media?parent=3383"}],"wp:term":[{"taxonomy":"category","embeddable":true,"href":"https:\/\/www.kobzavajk.com\/web\/wp-json\/wp\/v2\/categories?post=3383"},{"taxonomy":"post_tag","embeddable":true,"href":"https:\/\/www.kobzavajk.com\/web\/wp-json\/wp\/v2\/tags?post=3383"}],"curies":[{"name":"wp","href":"https:\/\/api.w.org\/{rel}","templated":true}]}}