{"id":4151,"date":"2020-10-20T18:06:23","date_gmt":"2020-10-20T16:06:23","guid":{"rendered":"https:\/\/www.kobzavajk.com\/web\/?p=4151"},"modified":"2020-10-21T18:14:21","modified_gmt":"2020-10-21T16:14:21","slug":"a-vegtelenre-nyilo-zene-kobza-vajk-a-mandinernek-2020-10-12","status":"publish","type":"post","link":"https:\/\/www.kobzavajk.com\/web\/a-vegtelenre-nyilo-zene-kobza-vajk-a-mandinernek-2020-10-12\/","title":{"rendered":"A v\u00e9gtelenre ny\u00edl\u00f3 zene \u2013 Kobza Vajk a Mandinernek (2020.10.12)"},"content":{"rendered":"<div>\n<div class=\"img\"><span style=\"color: #ffffff;\"><picture><img decoding=\"async\" title=\"\" src=\"https:\/\/mandiner.hu\/attachment\/0406\/405225_kobza_vajk.jpg\" \/><\/picture><\/span><\/div>\n<div class=\"articletext\">\n<h1><span style=\"color: #ffffff;\"><a style=\"color: #ffffff;\" href=\"https:\/\/mandiner.hu\/cikk\/20201012_kobza_vajk_a_mandinernek\" target=\"_blank\" rel=\"noopener\">A v\u00e9gtelenre ny\u00edl\u00f3 zene \u2013 Kobza Vajk a Mandinernek<\/a><\/span><\/h1>\n<div class=\"info\"><span style=\"color: #ffffff;\">2020. okt\u00f3ber 12. 10:30<\/span><\/div>\n<div><span style=\"color: #ffffff;\"><img loading=\"lazy\" decoding=\"async\" class=\"\" src=\"https:\/\/mandiner.hu\/attachment\/0317\/316747_gyorffy_akos1.jpg\" width=\"127\" height=\"127\" \/><\/span><br \/>\n<span style=\"color: #ffffff;\"><b>\u00cdrta:\u00a0<a style=\"color: #ffffff;\" href=\"https:\/\/mandiner.hu\/szerzo\/gyorffy_akos\" target=\"_blank\" rel=\"noopener\">Gy\u0151rffy \u00c1kos<\/a><\/b><\/span><\/div>\n<\/div>\n<\/div>\n<p><\/span><\/p>\n<div><\/div>\n<div><\/div>\n<div class=\"lead\"><span style=\"color: #ffffff;\">\u201eSzerintem nagy ig\u00e9ny van a befel\u00e9 nyit\u00f3-vezet\u0151-figyel\u0151 muzsik\u00e1ra, viszont az emberek nem jutnak el a felismer\u00e9sig sem.\u201d A magyar zenei sz\u00ednt\u00e9r egyik legeredetibb, legm\u00e9lyebb alkot\u00f3ja Kobza Vajk. A legink\u00e1bb \u00fadon \u2013 arab lanton \u2013 j\u00e1tsz\u00f3 zen\u00e9sz \u00e9s komponista legut\u00f3bbi lemeze Illan\u00e1s c\u00edmmel jelent meg. Hangszer\u00e9r\u0151l, k\u00fcls\u0151 \u00e9s bels\u0151 utaz\u00e1sair\u00f3l, a vil\u00e1g \u00e9s a zene jelenlegi \u00e1llapot\u00e1r\u00f3l besz\u00e9lgett\u00fcnk vele.<\/span><\/div>\n<div id=\"article_billboard1\" class=\"nbanner\"><\/div>\n<p><\/span><\/p>\n<div class=\"clr\"><span style=\"color: #ffffff;\"><strong>Kobza Vajk<\/strong>\u00a0t\u00f6bb mint m\u00e1sf\u00e9l \u00e9vtizede j\u00e1tszik k\u00fcl\u00f6nf\u00e9le penget\u0151s hangszereken. F\u0151 hangszerei az arab lant, a szaz, a pszalt\u00e9rium \u00e9s a kithara. Els\u0151sorban a n\u00e9pzene, a r\u00e9gizene \u00e9s a keleti zen\u00e9k nyelvezet\u00e9n kereszt\u00fcl ismerkedett meg a muzsik\u00e1l\u00e1ssal. \u00c9vekig a szentendrei Ny\u00e1ri R\u00e9gizenei Akad\u00e9mia, a gy\u0151ri Lant- \u00e9s Kobozfesztiv\u00e1l \u00e9s a cs\u00edkszeredai R\u00e9gizenei fesztiv\u00e1l hallgat\u00f3ja \u00e9s k\u00e9s\u0151bb r\u00e9sztvev\u0151je is volt. Ud j\u00e1t\u00e9k\u00e1val m\u00e1r elb\u0171v\u00f6lte Ankara, Isztambul, Berlin, M\u00fcnchen, Krakk\u00f3, B\u00e9cs \u00e9s Salon-de-Provence zene\u00e9rt\u0151 k\u00f6z\u00f6ns\u00e9g\u00e9t is. M\u0171v\u00e9szet\u00e9ben az eur\u00f3pai zeneeszt\u00e9tika, az orient\u00e1lis j\u00e1t\u00e9ktechnika, a kort\u00e1rs kompoz\u00edci\u00f3s technik\u00e1k valamint a r\u00e9gi korok zen\u00e9inek hangz\u00e1svil\u00e1ga egyar\u00e1nt megtal\u00e1lhat\u00f3ak. M\u00e1ra kialakult saj\u00e1t \u201eneofolk\u201d zen\u00e9je viszont m\u00e1r nem k\u00f6thet\u0151 szorosan egyik m\u0171fajhoz sem. Eddig tizenh\u00e1rom \u00f6n\u00e1ll\u00f3 lemeze jelent meg.<\/span><\/div>\n<div class=\"text\">\n<p><span style=\"color: #ffffff;\">***<\/span><\/p>\n<p><span style=\"color: #ffffff;\"><img decoding=\"async\" src=\"https:\/\/mandiner.hu\/gallery\/2020\/09\/berlin-reichsburger\/kobza_vajk3.jpg\" alt=\"\" \/><\/span><\/p>\n<div class=\"kepalairas\"><\/div>\n<p><span style=\"color: #ffffff;\"><strong>Hogyan ker\u00fclt\u00e9l az \u00fad vonz\u00e1s\u00e1ba?<\/strong><\/span><\/p>\n<p><span style=\"color: #ffffff;\">R\u00e9gizen\u00e9t m\u0171vel\u0151, n\u00e9pzen\u00e9t kedvel\u0151 csal\u00e1dban n\u0151ttem fel. Otthon volt j\u00f3 p\u00e1r kazetta \u00e9s vinyl is keleti muzsik\u00e1kkal, legf\u0151k\u00e9ppen t\u00f6r\u00f6k-perzsa zen\u00e9vel, de akkor m\u00e9g nem kaptam \u201eh\u00edv\u00e1st\u201d. Kiskoromt\u00f3l kezdve zongor\u00e1ztam \u00e9s nem sokkal ut\u00e1na a penget\u0151s koboz ker\u00fclt a kezembe. 2000 nyar\u00e1n kaptam egy albumot egy bar\u00e1tomt\u00f3l, Anouar Brahem\u00a0<a style=\"color: #ffffff;\" href=\"https:\/\/www.youtube.com\/watch?v=_g_zCxUBbbc&amp;&amp;utm_source=mandiner&amp;utm_medium=link&amp;utm_campaign=mandiner_202010;list=PLBFBE39F12A541777\" target=\"_blank\" rel=\"noopener noreferrer\">Madar<\/a>\u00a0c. lemeze volt. Azel\u0151tt sose hallottam ilyen letisztult \u00fad j\u00e1t\u00e9kot \u00e9s ilyen zenei nyelvet. Azon nyomban \u00e9reztem, hogy ez az \u00e9n vil\u00e1gom, \u00e9s hogy az arab lant az a hangszer, amin meg kell tanulnom j\u00e1tszani. Egy\u00e9bk\u00e9nt az \u00fad az eur\u00f3pai lant \u0151se \u00e9s egy n\u00e9pi penget\u0151s hangszerrel, a kobozzal mutat rokons\u00e1got.<\/span><\/p>\n<p><span style=\"color: #ffffff;\"><strong>Mi az, ami ebben a hangszerben ennyire megragadott?<\/strong><\/span><\/p>\n<p><span style=\"color: #ffffff;\">Az id\u0151n k\u00edv\u00fclis\u00e9g \u00e9lm\u00e9nye.<\/span><\/p>\n<div class=\"keretes\"><span style=\"color: #ffffff;\">\u00dadot hallgatva mindig egy m\u00e1sik val\u00f3s\u00e1gba ker\u00fcl\u00f6k.<\/span><\/div>\n<p><span style=\"color: #ffffff;\">Akkor \u00fagy \u00e9reztem, hogy nem el\u0151sz\u00f6r hallom, hanem mindig is hallottam, mindig is bennem \u00e9lt ez a hangz\u00e1svil\u00e1g. \u00a0<\/span><\/p>\n<p><span style=\"color: #ffffff;\"><strong>Mintha egy el\u0151z\u0151 \u00e9letedb\u0151l ismern\u00e9d&#8230;<\/strong><\/span><\/p>\n<p><span style=\"color: #ffffff;\">Mondhatjuk. M\u00e9ly, bels\u0151 \u00e9lm\u00e9ny volt.<\/span><\/p>\n<p><span style=\"color: #ffffff;\"><strong>Mint amikor Hamvas B\u00e9la azt \u00edrja az egyik bar\u00e1tj\u00e1nak, hogy ha gondol r\u00e1, az olyan, mintha m\u00e1r \u00f6tezer \u00e9ve is egy\u00fctt vad\u00e1sztak volna a bronzkori erd\u0151kben.<\/strong><\/span><\/p>\n<p><span style=\"color: #ffffff;\">Igen. J\u00f3, hogy mondod ezt az \u00f6tezret, mert az Iraki\u00a0<a style=\"color: #ffffff;\" href=\"https:\/\/www.youtube.com\/watch?v=oS8O0TusvAQ&amp;utm_source=mandiner&amp;utm_medium=link&amp;utm_campaign=mandiner_202010\" target=\"_blank\" rel=\"noopener noreferrer\">Munir Bashir<\/a>, aki az arab lant nagyk\u00f6vete volt (\u00e9s j\u00f3 p\u00e1r \u00e9vig Magyarorsz\u00e1gon is \u00e9lt), azt mondta, hogy az \u00fad t\u00f6rt\u00e9nete k\u00f6r\u00fclbel\u00fcl \u00f6tezer esztend\u0151s \u00e9s a hangszer az \u00f3kori Babilonb\u00f3l sz\u00e1rmazik. Az \u00fad sz\u00e1momra egy olyan tudat\u00e1llapotot id\u00e9z meg, amely id\u0151tlens\u00e9get \u00e9s v\u00e9gtelens\u00e9get, a felt\u00e9tel n\u00e9lk\u00fcli l\u00e9tez\u00e9s \u00e9rz\u00e9s\u00e9t adja. Ilyenkor az \u00fad egy\u00fctt rezeg azzal, ami bennem \u00e9l. A v\u00e9gtelenre nyit.<\/span><\/p>\n<p><span style=\"color: #ffffff;\"><strong>Ez a fajta hozz\u00e1\u00e1ll\u00e1s a zen\u00e9hez el\u00e9g ritka manaps\u00e1g. Mintha a kezdetekhez, a zene szakr\u00e1lis gy\u00f6kereihez akarn\u00e1l visszat\u00e9rni.<\/strong><\/span><\/p>\n<p><span style=\"color: #ffffff;\">Eleve az, hogy l\u00e9tezik a zene, az egyik legnagyobb miszt\u00e9rium. A t\u00e9ny, hogy k\u00e9pesek vagyunk a hangokat \u00e9rz\u00e9kelni \u00e9s hangokat l\u00e9trehozni, felfoghatatlan, m\u00e1gikus \u00e9lm\u00e9ny. Nap mint nap rengeteg muzsik\u00e1t hallunk, de kevesekn\u00e9l tudatos, hogy mif\u00e9le hatalmas tal\u00e1ny maga a hang. A tud\u00e1ssal egy\u00fctt persze felel\u0151ss\u00e9g is j\u00e1r. Tudnunk kellene, mit hozunk l\u00e9tre, mit teremt\u00fcnk, melynek nyomai \u00e9s hat\u00e1sai a t\u00e9rbe \u00e9s bel\u00e9nk iv\u00f3dnak. Tiszt\u00e1ban kellene lenn\u00fcnk azzal, hogy mi zajlik benn\u00fcnk \u00e9s k\u00f6r\u00fcl\u00f6tt\u00fcnk.<\/span><\/p>\n<div class=\"keretes\"><span style=\"color: #ffffff;\">A tudatoss\u00e1g hi\u00e1ny\u00e1b\u00f3l ad\u00f3dik a zavarodotts\u00e1gunk, az el\u00e9rt\u00e9ktelened\u00e9s, a dolgok \u00f6sszemos\u00f3d\u00e1sa.<\/span><\/div>\n<p><span style=\"color: #ffffff;\">A hamis \u00e9s a pillanatnyi v\u00e1gyk\u00e9pek sokas\u00e1ga k\u00f6z\u00f6tt az \u00f6r\u00f6k \u00e9rt\u00e9kek \u00e9s az ig\u00e9nyess\u00e9g ir\u00e1nti hajlam szinte elt\u0171nt. L\u00e1thatatlann\u00e1 v\u00e1lt. Az \u0151szinte alkot\u00f3k \u00e9s a v\u00e1jt f\u00fcl\u0171, \u00e9rz\u00e9keny hallgat\u00f3k hely\u00e9n a zeneipar \u00e9s annak fogyaszt\u00f3i \u00e1llnak, ami l\u00e9nyegis\u00e9g\u00e9ben egy teljesen m\u00e1s kapcsol\u00f3d\u00e1s.<\/span><\/p>\n<p><span style=\"color: #ffffff;\"><strong>Szabados Gy\u00f6rgy\u00a0<a style=\"color: #ffffff;\" href=\"https:\/\/www.youtube.com\/watch?v=u7FpPooGu8E&amp;utm_source=mandiner&amp;utm_medium=link&amp;utm_campaign=mandiner_202010\" target=\"_blank\" rel=\"noopener noreferrer\">mondta<\/a>\u00a0egy interj\u00faban, hogy sz\u00e1m\u00e1ra a hangz\u00f3 vil\u00e1g els\u0151sorban t\u00f6rt\u00e9neteket jelent; \u00e9s amikor azt hallja, hogy leesik egy k\u00e1v\u00e9scs\u00e9sze az asztalr\u00f3l, akkor az nem puszt\u00e1n annyit jelent, hogy a k\u00e1v\u00e9scs\u00e9sze \u00f6sszet\u00f6rt, hanem azt jelenti, hogy meghalt.<\/strong><\/span><\/p>\n<p><span style=\"color: #ffffff;\">Err\u0151l eszembe jut egy Fodor \u00c1kos-id\u00e9zet: \u201eAhogy a sz\u00e9l meglebbenti a f\u00fcgg\u00f6nyt: nem a f\u00fcgg\u00f6ny, nem a sz\u00e9l. A lebben\u00e9s.\u201d Nehezen \u00e9rtj\u00fck \u00e9s fogjuk fel, hogy milyen jelens\u00e9g-vil\u00e1gban \u00e9l\u00fcnk, \u00e9s hogy ez milyen kincseket rejt mag\u00e1ban.<\/span><\/p>\n<p><span style=\"color: #ffffff;\"><strong>A bel\u00fclr\u0151l \u00e9p\u00edtkez\u0151 zen\u00e9knek egyfajta \u00e9breszt\u0151 erej\u00fck van. Viszont a r\u00e1di\u00f3kb\u00f3l a nap huszonn\u00e9gy \u00f3r\u00e1j\u00e1ban \u00e1rad\u00f3 zen\u00e9k z\u00f6me mintha az \u00e9bers\u00e9g altat\u00f3ja volna ink\u00e1bb.<\/strong><\/span><\/p>\n<p><span style=\"color: #ffffff;\">Sz\u00e1momra a bel\u00fclr\u0151l \u00e9p\u00edtkez\u0151 muzsika egy \u00e1lland\u00f3 h\u00edv\u00e1s a benn\u00fcnk \u00e9l\u0151 eredend\u0151h\u00f6z.<\/span><\/p>\n<p><span style=\"color: #ffffff;\"><strong>Mit \u00e9rtesz eredend\u0151 alatt?<\/strong><\/span><\/p>\n<p><span style=\"color: #ffffff;\">A minden dologban rejtez\u0151, de nem rejt\u0151zk\u00f6d\u0151 \u00e9l\u0151 v\u00e9gtelent.<\/span><\/p>\n<p><span style=\"color: #ffffff;\"><strong>Mondhatjuk, hogy h\u00edv\u0151 ember vagy?<\/strong><\/span><\/p>\n<p><span style=\"color: #ffffff;\">Ink\u00e1bb h\u00edv\u00f3. Mondjuk, hogy hiszek az \u00fatban, amin j\u00e1rok, \u00edgy ha a h\u00edv\u0151 jelent\u00e9s\u00e9t el\u00e9g t\u00e1g \u00e9rtelemben gondoljuk el, akkor igen. De k\u00e9sz vagyok ezt is b\u00e1rmikor elengedni, ha az\u00e1ltal k\u00f6zelebb ker\u00fcl\u00f6k a val\u00f3s\u00e1g igazi, kend\u0151zetlen term\u00e9szet\u00e9hez. Neh\u00e9z erre v\u00e1laszolni. Tal\u00e1n ez az a pillanat, amikor az embernek ink\u00e1bb csendben kellene maradnia. \u00cdgy tudja a legt\u00f6bbet kifejezni.<\/span><\/p>\n<p><span style=\"color: #ffffff;\"><img decoding=\"async\" src=\"https:\/\/mandiner.hu\/gallery\/2020\/09\/berlin-reichsburger\/kobza_vajk2.jpg\" alt=\"\" \/><\/span><\/p>\n<div class=\"kepalairas\"><\/div>\n<p><span style=\"color: #ffffff;\"><strong>Azt \u00edrod az\u00a0<a style=\"color: #ffffff;\" href=\"https:\/\/kobzavajk.bandcamp.com\/album\/illan-s?utm_source=mandiner&amp;utm_medium=link&amp;utm_campaign=mandiner_202010\" target=\"_blank\" rel=\"noopener noreferrer\">Illan\u00e1s\u00a0<\/a>c\u00edm\u0171 lemezed bels\u0151 bor\u00edt\u00f3j\u00e1n: \u201eMost k\u0151emberek virrasztanak, minden m\u00e1s illan\u00e1s.\u201d Kik ezek a k\u0151emberek, akik virrasztanak?<\/strong><\/span><\/p>\n<p><span style=\"color: #ffffff;\">A k\u0151emberek leegyszer\u0171s\u00edtve: menhirek, dolmenek vagy k\u0151b\u00e1lv\u00e1nyok. Sz\u00e1momra a m\u00e1gikus vil\u00e1gl\u00e1t\u00e1s, az \u00e1ldoz\u00f3 \u00e9s szent helyek \u0151rei. A mostb\u00f3l visszatekintve l\u00e1tsz\u00f3lag egy let\u0171nt, t\u00e1voli kor h\u00edrviv\u0151i. Pedig a k\u0151emberek ma is vil\u00e1gok \u00f6sszek\u00f6t\u0151i, a mindenben ott \u00e9l\u0151 eredend\u0151 k\u00f6zvet\u00edt\u0151i. Ma is \u00e1llnak \u00e9s virrasztanak, m\u00edg minden m\u00e1s elillan.<\/span><\/p>\n<div class=\"keretes\"><span style=\"color: #ffffff;\">Az emberis\u00e9g a meghasonlotts\u00e1g \u00e1llapot\u00e1ba ker\u00fclt,<\/span><\/div>\n<p><span style=\"color: #ffffff;\">de ez a zakatol\u00f3 g\u00e9pkorszak is el fog t\u0171nni \u00e9s a k\u0151emberek m\u00e9g mindig jelen lesznek a t\u00e9rben. A k\u0151 marad. \u0150k eml\u00e9keztetnek engem arra a val\u00f3s\u00e1gra, amikor m\u00e9g megvolt a tudatos bels\u0151 kapcsolat a vil\u00e1gegyetemmel, a Mindens\u00e9ggel. \u00a0<\/span><\/p>\n<p><span style=\"color: #ffffff;\"><strong>A menhirek \u2013 legal\u00e1bbis Eur\u00f3p\u00e1ban \u2013 \u00c9szak-Eur\u00f3pa kult\u00fark\u00f6r\u00e9hez \u00e1llnak k\u00f6zel, e kult\u00fark\u00f6r m\u00e9lyr\u00e9tegeiben rejt\u0151znek. A K\u00e1rp\u00e1t-medenc\u00e9ben szerinted ennek az archaikus vil\u00e1gnak megvannak a maga k\u0151emberei?<\/strong><\/span><\/p>\n<p><span style=\"color: #ffffff;\">A k\u0151emberek javar\u00e9szt ugyan\u00fagy rejtve vannak, mint ahogy saj\u00e1t magunk l\u00e9nyegis\u00e9ge is el van rejtezve benn\u00fcnk. Sokan azt hirdetik, hogy nagyok a v\u00e1ltoz\u00e1sok \u00e9s az emberis\u00e9g a k\u00f6vetkez\u0151 \u201espiritu\u00e1lis\u201d ugr\u00e1sra k\u00e9sz. Ezt kiss\u00e9 t\u00falz\u00e1snak \u00e9rzem az eddigi tapasztalataim alapj\u00e1n, de ha t\u00f6bb tudatoss\u00e1got csemp\u00e9sz\u00fcnk napjainkba s hajland\u00f3ak vagyunk szellem\u00fcnket is lomtalan\u00edtani, akkor \u00f6sszhangba ker\u00fclhet\u00fcnk a benn\u00fcnk \u00e9l\u0151 eredend\u0151vel \u00e9s \u00edgy nagy l\u00e9p\u00e9sekkel haladhatunk a befel\u00e9 vezet\u0151 v\u00e9gtelen fel\u00e9. A l\u00e9nyeg, hogy \u00f6nmagunkban fedezz\u00fck fel \u00fajra a forr\u00e1st, ne pedig a k\u00fcls\u0151, v\u00e9ges \u00e9s vet\u00edtett vil\u00e1g k\u00e1pr\u00e1zat\u00e1nak j\u00e1t\u00e9ka legy\u00fcnk. Kezdj\u00fck el magunkban a rendrak\u00e1st! M\u00e9g mindig sok a sz\u00ednj\u00e1t\u00e9k.<\/span><\/p>\n<div class=\"keretes\"><span style=\"color: #ffffff;\">Sokan k\u00fcls\u0151s\u00e9gek seg\u00edts\u00e9g\u00e9vel pr\u00f3b\u00e1lnak felid\u00e9zni egy vil\u00e1got<\/span><\/div>\n<p><span style=\"color: #ffffff;\">ahelyett, hogy els\u0151k\u00e9nt ink\u00e1bb a l\u00e9lek bels\u0151 szent\u00e9ly\u00e9re rak\u00f3dott, \u00e9vsz\u00e1zadok-\u00e9vezredek mocsk\u00e1t leporoln\u00e1k. Pedig a bels\u0151 rend fokozatosan l\u00e1tszana kint is.<\/span><\/p>\n<p><span style=\"color: #ffffff;\"><strong>A legut\u00f3bbi lemezedet t\u00f6bbsz\u00f6r meghallgatva eszembe jutott Kr\u00fady Gyula\u00a0<em>Szindb\u00e1dja<\/em>. Egy \u00e1lomszer\u0171 utaz\u00e1s a r\u00e9gi Magyarorsz\u00e1gon, amely tal\u00e1n sosem l\u00e9tezett, vagy ha l\u00e9tezett is, ink\u00e1bb a l\u00e9lek t\u00e1jain.<\/strong><\/span><\/p>\n<p><span style=\"color: #ffffff;\">A pszicho-genetika t\u00fckr\u00e9ben az \u0151s\u00f6k tapasztal\u00e1sai, \u00e9lm\u00e9nyei benn\u00fcnk erednek tov\u00e1bb. Ez sokszor \u00e1lomszer\u0171 ismeretet, felismer\u00e9seket ad val\u00f3ban. Nem tudatosan, de benn\u00fcnk laknak. \u00dck \u00e9s sz\u00e9p ap\u00e1k-any\u00e1k mint\u00e1i hatnak r\u00e1nk. Amikor Selmecb\u00e1ny\u00e1n j\u00e1rok, amit a lemez is megid\u00e9z \u00e9s ahol az \u0151seim egy r\u00e9sze is \u00e9lt, sokszor elfog az id\u0151n k\u00edv\u00fclis\u00e9g. Olyankor egyszerre van jelen bennem a m\u00falt \u00e9s a most. Nem a folyamatot l\u00e1tom, vagy a csal\u00e1di l\u00e1ncot, hanem egy bizonyos tudat\u00e1llapotot \u00e9lek meg. Minden, ami valaha ott a t\u00e9rben t\u00f6rt\u00e9nt; egyszerre van jelen. Hogy ezt az \u00e9lm\u00e9nyt \u00e9rthet\u0151v\u00e9 tegyem az egyik legnagyobb k\u00f6lt\u0151nket id\u00e9zem:\u00a0<em>\u201e\u00c9n \u00fagy vagyok, hogy m\u00e1r sz\u00e1zezer \u00e9ve n\u00e9zem, amit megl\u00e1tok hirtelen. Egy pillanat s k\u00e9sz az id\u0151 eg\u00e9sze, mit sz\u00e1zezer \u0151s szeml\u00e9lget velem\u201d.<\/em><\/span><\/p>\n<p><span style=\"color: #ffffff;\"><strong>Azt \u00edrod az \u00f6n\u00e9letrajzodban, hogy 2006-2007-ben h\u00f3napokat t\u00f6lt\u00f6tt\u00e9l T\u00f6r\u00f6korsz\u00e1gban, tanulm\u00e1ny\u00faton. Milyen eml\u00e9keid vannak err\u0151l az \u00fatr\u00f3l?<\/strong><\/span><\/p>\n<p><span style=\"color: #ffffff;\">Nem annak indult, azt\u00e1n tanulm\u00e1ny\u00fat lett bel\u0151le. Els\u0151 alkalommal t\u00f6bbedmagammal indultam neki, de meghat\u00e1roz\u00f3 id\u0151t t\u00f6lt\u00f6ttem az \u00faton befel\u00e9 figyelve. Sok szempontb\u00f3l fontos volt sz\u00e1momra ez az els\u0151 utaz\u00e1s.\u00a0<a style=\"color: #ffffff;\" href=\"https:\/\/www.youtube.com\/watch?v=kAcu8GAZmeU&amp;utm_source=mandiner&amp;utm_medium=link&amp;utm_campaign=mandiner_202010\" target=\"_blank\" rel=\"noopener noreferrer\">Urf\u00e1ig<\/a>\u00a0\u00e9s a sz\u00edr hat\u00e1rig is eljutottam. A teljes kintl\u00e9tem egy l\u00e1tom\u00e1sos \u00e9lm\u00e9ny volt, otthonos hangulattal. Az a fajta szer\u00e9nys\u00e9g \u00e9s egyszer\u0171s\u00e9g, amit ott tapasztaltam, nagyon meg\u00e9rintett. A t\u00e1j olyan \u00e9rz\u00e9sekkel ostromolt, hogy megint \u201ehazat\u00e9rtem\u201d. Az ottani t\u00e1rsadalmi minta viszont idegennek hatott.<\/span><\/p>\n<div class=\"keretes\"><span style=\"color: #ffffff;\">Olyb\u00e1 t\u0171nt, hogy az emberek nagy r\u00e9sze nem \u00e9l \u00f6sszhangban azzal, ami k\u00f6r\u00fclveszi \u0151ket.<\/span><\/div>\n<p><span style=\"color: #ffffff;\">Mintha a t\u00e1j eredeti kult\u00far\u00e1ja a t\u00e9rb\u0151l elt\u0171nt volna \u00e9s m\u00e1s vette volna \u00e1t a hely\u00e9t. Nagyon furcsa sejt\u00e9s ker\u00edtett hatalm\u00e1ba. Bel\u00fcl egy \u0151si vil\u00e1g k\u00e9pe jelent meg, amit k\u00e9s\u0151bb a\u00a0<a style=\"color: #ffffff;\" href=\"https:\/\/kobzavajk.bandcamp.com\/album\/anl-urfa-i-l-tom-s?utm_source=mandiner&amp;utm_medium=link&amp;utm_campaign=mandiner_202010\" target=\"_blank\" rel=\"noopener noreferrer\">Sanliurfai l\u00e1tom\u00e1s<\/a>\u00a0\u00e9s a\u00a0<a style=\"color: #ffffff;\" href=\"https:\/\/kobzavajk.bandcamp.com\/track\/harr-n-szellemei?utm_source=mandiner&amp;utm_medium=link&amp;utm_campaign=mandiner_202010\" target=\"_blank\" rel=\"noopener noreferrer\">Harr\u00e1n szellemei<\/a>\u00a0c. sz\u00e1mokban \u00e9letre is h\u00edvtam.<\/span><\/p>\n<p><span style=\"color: #ffffff;\"><strong>Zeneileg mit adott az ott t\u00f6lt\u00f6tt id\u0151?<\/strong><\/span><\/p>\n<p><span style=\"color: #ffffff;\">Azt, hogy visszakaptam valamit. Egy l\u00e9lekr\u00e9szt, tud\u00e1st\u00a0vagy eszk\u00f6zk\u00e9szletet, amivel \u00e9letre tudtam h\u00edvni azt, ami m\u00e1r eleve bennem szunnyadt. Az\u00e9rt is h\u00edvom tanulm\u00e1ny\u00fatnak, mert zeneileg t\u00f6bb k\u00e9szs\u00e9get saj\u00e1t\u00edtottam el ottl\u00e9temkor, mint el\u0151tte b\u00e1rmikor. Ezek ut\u00e1n kezdtem el komolyabban gyakorolni \u00e9s foglalkozni az \u00faddal is. \u00a0<\/span><\/p>\n<p><span style=\"color: #ffffff;\"><img decoding=\"async\" src=\"https:\/\/mandiner.hu\/gallery\/2020\/09\/berlin-reichsburger\/kobza_vajk4.jpg\" alt=\"\" \/><\/span><\/p>\n<div class=\"kepalairas\"><\/div>\n<p><span style=\"color: #ffffff;\"><strong>Ennek a zen\u00e9nek Magyarorsz\u00e1gon mennyire van visszhangja?<\/strong><\/span><\/p>\n<p><span style=\"color: #ffffff;\">Igen csek\u00e9ly. Aki viszont tal\u00e1lkozik idehaza az \u00faddal, azt egyt\u0151l egyig elvar\u00e1zsolja, de egyel\u0151re nem nagy az ismerets\u00e9g.<\/span><\/p>\n<p><span style=\"color: #ffffff;\"><strong>Mi\u00e9rt?<\/strong><\/span><\/p>\n<p><span style=\"color: #ffffff;\">Rengeteg dolgot tudn\u00e9k felsorolni. Nagyon \u00f6sszetett a v\u00e1lasz. Szerintem nagy ig\u00e9ny van a befel\u00e9 nyit\u00f3-vezet\u0151-figyel\u0151 muzsik\u00e1ra, viszont az emberek nem jutnak el a felismer\u00e9sig sem, mert nem botlanak bele. Ebben szerintem \u00f3ri\u00e1si felel\u0151ss\u00e9ge van a m\u00e9di\u00e1nak. A zakatol\u00f3 civiliz\u00e1ci\u00f3 vonz\u00e1sk\u00f6r\u00e9ben \u00e9l\u0151 emberek nagy r\u00e9sz\u00e9nek hall\u00f3j\u00e1rata j\u00f3kora t\u00falterhelts\u00e9g alatt \u00e1ll.<\/span><\/p>\n<div class=\"keretes\"><span style=\"color: #ffffff;\">\u00d3ri\u00e1si az alapzaj, a hangszennyez\u00e9s. A csend zavar\u00f3, ismeretlen l\u00e9nny\u00e9 v\u00e1lt.<\/span><\/div>\n<p><span style=\"color: #ffffff;\">Pedig a nem zeneipari gy\u00e1rszalagon kifut\u00f3 muzsika m\u00e9lys\u00e9geit, magass\u00e1gait megh\u00f3d\u00edtani v\u00e1gy\u00f3knak elengedhetetlen a zajn\u00e9lk\u00fclis\u00e9g. Egy igazabb, emelkedettebb zene\u00e9lm\u00e9ny-befogad\u00f3 nemzed\u00e9ket kellene \u00e9letre h\u00edvni. Ez (\u00f6n)nevel\u00e9s k\u00e9rd\u00e9se is.<\/span><\/p>\n<p><span style=\"color: #ffffff;\"><strong>\u00c9s a te zen\u00e9det szerinted hogyan lehetne eljuttatni nagyobb k\u00f6z\u00f6ns\u00e9ghez?<\/strong><\/span><\/p>\n<p><span style=\"color: #ffffff;\">Azt l\u00e1tom, hogy a vil\u00e1g sz\u00e1mos pontj\u00e1n hallgatj\u00e1k a zen\u00e9met. A hallgat\u00f3k sz\u00e1ma \u00e9vr\u0151l \u00e9vre b\u0151v\u00fcl.\u00a0Jelenleg is van h\u00e1rom-n\u00e9gy komplett lemeztervem \u00e9s rengeteg \u00f6tletem. Teszem a dolgom. Sajnos \u00f6nmarketingben egy\u00e1ltal\u00e1n nem vagyok j\u00f3. Volt most b\u0151 m\u00e1sf\u00e9l \u00e9vig egy kiv\u00e1l\u00f3 menedzserem, viszont a jelenlegi k\u00f6r\u00fclm\u00e9nyek \u00e9s csal\u00e1di okok miatt nem tudtuk folytatni a k\u00f6z\u00f6s munk\u00e1t.<\/span><\/p>\n<p>&nbsp;<\/p>\n<p><span style=\"color: #ffffff;\"><strong>A legut\u00f3bbi, Illan\u00e1s c\u00edm\u0171 lemezed bizonyos tekintetben k\u00f6zel \u00e1ll a legend\u00e1s\u00a0<a style=\"color: #ffffff;\" href=\"https:\/\/hu.wikipedia.org\/wiki\/ECM_Records?utm_source=mandiner&amp;utm_medium=link&amp;utm_campaign=mandiner_202010\" target=\"_blank\" rel=\"noopener noreferrer\">ECM Records<\/a>\u00a0egyes kiadv\u00e1nyaihoz. Nem gondolt\u00e1l m\u00e9g arra, hogy dem\u00f3t k\u00fcldj nekik?<\/strong><\/span><\/p>\n<p><span style=\"color: #ffffff;\">Elmondhatatlanul megtisztel\u0151 a hasonlat. K\u00f6sz\u00f6n\u00f6m sz\u00e9pen. Azt hiszem, oda sz\u00fcletni kell. Tudom\u00e1som szerint el\u00e9gg\u00e9 z\u00e1rt vil\u00e1g, neh\u00e9z beker\u00fclni, de el tudn\u00e1m k\u00e9pzelni. Sz\u00e1momra nagyon fontos kiad\u00f3 az ECM Records, sok lemez\u00fcket szeretem \u00e9s hallgatom. P\u00e9ld\u00e1ul Anouar Brahem,\u00a0<a style=\"color: #ffffff;\" href=\"https:\/\/www.youtube.com\/watch?v=qhR6CaZOK3U&amp;utm_source=mandiner&amp;utm_medium=link&amp;utm_campaign=mandiner_202010\" target=\"_blank\" rel=\"noopener noreferrer\">Stephan Micus<\/a>,\u00a0<a style=\"color: #ffffff;\" href=\"https:\/\/www.youtube.com\/watch?v=_fk2dfL1GKY&amp;utm_source=mandiner&amp;utm_medium=link&amp;utm_campaign=mandiner_202010\" target=\"_blank\" rel=\"noopener noreferrer\">Jan Garbarek<\/a>,\u00a0<a style=\"color: #ffffff;\" href=\"https:\/\/www.youtube.com\/watch?v=4wMkWIF6U60&amp;utm_source=mandiner&amp;utm_medium=link&amp;utm_campaign=mandiner_202010\" target=\"_blank\" rel=\"noopener noreferrer\">Lena Willemark<\/a>\u00a0\u00e9s\u00a0<a style=\"color: #ffffff;\" href=\"https:\/\/www.youtube.com\/watch?v=p6s82_UGiuk&amp;utm_source=mandiner&amp;utm_medium=link&amp;utm_campaign=mandiner_202010\" target=\"_blank\" rel=\"noopener noreferrer\">Areni Agbabian<\/a>\u00a0el\u00e9gg\u00e9 meghat\u00e1roz\u00f3ak sz\u00e1momra.<\/span><\/p>\n<p><span style=\"color: #ffffff;\"><strong>Mennyire k\u00f6veted a magyar zenei \u00e9letet, kikre figyelsz oda? Vagy egy\u00e1ltal\u00e1n kikre figyelsz?<\/strong><\/span><\/p>\n<p><span style=\"color: #ffffff;\">A mai felhozatalt illet\u0151en vannak er\u0151s hi\u00e1nyoss\u00e1gaim, pl\u00e1ne ami\u00f3ta csal\u00e1dapa lettem. Nem k\u00f6vetem az esem\u00e9nyeket. De vannak r\u00e9gr\u0151l meghat\u00e1roz\u00f3 zenekarok. Tal\u00e1n furcsa lesz hallani, hogy a\u00a0<a style=\"color: #ffffff;\" href=\"https:\/\/www.youtube.com\/watch?v=luejPbr03lY&amp;&amp;utm_source=mandiner&amp;utm_medium=link&amp;utm_campaign=mandiner_202010;list=PLShQ9zk7O5xJvNx-5DShzooT8iMpLEH6k\" target=\"_blank\" rel=\"noopener noreferrer\">VHK<\/a>-t mondom els\u0151re, de<\/span><\/p>\n<div class=\"keretes\"><span style=\"color: #ffffff;\">elmondhatatlanul sokat adott nekem a zen\u00e9j\u00fck \u00e9s a vil\u00e1gl\u00e1t\u00e1suk.<\/span><\/div>\n<p><span style=\"color: #ffffff;\">Kamaszkori kih\u00edv\u00e1saimnak egyik nagy gy\u00f3gy\u00edrja volt ez a zenekar, de a mai napig hallgatom \u0151ket \u00e9s elj\u00e1rok a koncertekre. A mostani fel\u00e1ll\u00e1sban szerintem \u00faj renesz\u00e1nszukat \u00e9lik, ami az\u00e9rt nem semmi, tekintve, hogy id\u00e9n 45 \u00e9ves a zenekar. A m\u00e1sik az\u00a0<a style=\"color: #ffffff;\" href=\"https:\/\/www.youtube.com\/watch?v=Qj3_QDd7kYc&amp;utm_source=mandiner&amp;utm_medium=link&amp;utm_campaign=mandiner_202010\" target=\"_blank\" rel=\"noopener noreferrer\">\u00dazgin \u0170ver<\/a>, akikkel volt szerencs\u00e9m t\u00f6bbsz\u00f6r is egy\u00fctt muzsik\u00e1lni \u00e9s egy EP-t is megjelentetni. A\u00a0<a style=\"color: #ffffff;\" href=\"https:\/\/www.youtube.com\/watch?v=Jirn16W4t-E&amp;&amp;utm_source=mandiner&amp;utm_medium=link&amp;utm_campaign=mandiner_202010;t=1526s\" target=\"_blank\" rel=\"noopener noreferrer\">Thy Catafalque<\/a>-ot az egyik legizgalmasabb hazai projektnek tartom. \u00c9s szint\u00e9n hatalmas megtiszteltet\u00e9s, hogy a legut\u00f3bbi albumon k\u00e9t sz\u00e1mban is k\u00f6zrem\u0171k\u00f6dhettem. Szabados Gy\u00f6rgy zongoram\u0171v\u00e9sz, zeneszerz\u0151 \u00e9letm\u0171v\u00e9t m\u00e9rf\u00f6ldk\u0151nek tartom a magyar zenei \u00e9letben. Valamint a jelenleg is akt\u00edvan alkot\u00f3 Szab\u00f3 S\u00e1ndor vil\u00e1gutaz\u00f3 git\u00e1rm\u0171v\u00e9sz, zenekutat\u00f3 \u00e9s eszt\u00e9ta munk\u00e1ss\u00e1g\u00e1t tekintem p\u00e9ldamutat\u00f3nak. Els\u0151 k\u00f6z\u00f6s lemez\u00fcnk egy\u00e9bk\u00e9nt id\u00e9n jelent meg\u00a0<a style=\"color: #ffffff;\" href=\"https:\/\/www.youtube.com\/watch?v=jbTAuxCa4UY&amp;utm_source=mandiner&amp;utm_medium=link&amp;utm_campaign=mandiner_202010\" target=\"_blank\" rel=\"noopener noreferrer\">R\u00f3<\/a>\u00a0c\u00edmmel. Nagy \u00f6r\u00f6m\u00f6mre, akiket itthon el\u0151ttem j\u00e1r\u00f3nak tartok \u00e9s akikre feln\u00e9zek, azokkal el\u0151bb-ut\u00f3bb \u00f6sszehoz az \u00e9let, ami\u00e9rt nagyon h\u00e1l\u00e1s vagyok. Igyekszem tov\u00e1bbra is a mindenben jelen l\u00e9v\u0151 \u00e9l\u0151 v\u00e9gtelent a leg\u00e9rthet\u0151bben tiszta hangokk\u00e1 var\u00e1zsolni. \u00a0<\/span><\/p>\n<p><span style=\"color: #ffffff;\"><em>Fot\u00f3k: F\u00f6ldh\u00e1zi \u00c1rp\u00e1d<\/em><\/span><\/p>\n<\/div>\n<p>Forr\u00e1s: https:\/\/mandiner.hu\/cikk\/20201012_kobza_vajk_a_mandinernek<\/p>\n","protected":false},"excerpt":{"rendered":"<p>A v\u00e9gtelenre ny\u00edl\u00f3 zene \u2013 Kobza Vajk a Mandinernek 2020. okt\u00f3ber 12. 10:30 \u00cdrta:\u00a0Gy\u0151rffy \u00c1kos \u201eSzerintem nagy ig\u00e9ny van a<\/p>\n","protected":false},"author":1,"featured_media":4153,"comment_status":"closed","ping_status":"closed","sticky":false,"template":"","format":"standard","meta":{"footnotes":""},"categories":[1],"tags":[152,178,75,177],"_links":{"self":[{"href":"https:\/\/www.kobzavajk.com\/web\/wp-json\/wp\/v2\/posts\/4151"}],"collection":[{"href":"https:\/\/www.kobzavajk.com\/web\/wp-json\/wp\/v2\/posts"}],"about":[{"href":"https:\/\/www.kobzavajk.com\/web\/wp-json\/wp\/v2\/types\/post"}],"author":[{"embeddable":true,"href":"https:\/\/www.kobzavajk.com\/web\/wp-json\/wp\/v2\/users\/1"}],"replies":[{"embeddable":true,"href":"https:\/\/www.kobzavajk.com\/web\/wp-json\/wp\/v2\/comments?post=4151"}],"version-history":[{"count":0,"href":"https:\/\/www.kobzavajk.com\/web\/wp-json\/wp\/v2\/posts\/4151\/revisions"}],"wp:featuredmedia":[{"embeddable":true,"href":"https:\/\/www.kobzavajk.com\/web\/wp-json\/wp\/v2\/media\/4153"}],"wp:attachment":[{"href":"https:\/\/www.kobzavajk.com\/web\/wp-json\/wp\/v2\/media?parent=4151"}],"wp:term":[{"taxonomy":"category","embeddable":true,"href":"https:\/\/www.kobzavajk.com\/web\/wp-json\/wp\/v2\/categories?post=4151"},{"taxonomy":"post_tag","embeddable":true,"href":"https:\/\/www.kobzavajk.com\/web\/wp-json\/wp\/v2\/tags?post=4151"}],"curies":[{"name":"wp","href":"https:\/\/api.w.org\/{rel}","templated":true}]}}