{"id":4178,"date":"2020-12-22T16:09:35","date_gmt":"2020-12-22T14:09:35","guid":{"rendered":"https:\/\/www.kobzavajk.com\/web\/?p=4178"},"modified":"2021-09-17T08:43:33","modified_gmt":"2021-09-17T06:43:33","slug":"reveteg-emlek","status":"publish","type":"post","link":"https:\/\/www.kobzavajk.com\/web\/reveteg-emlek\/","title":{"rendered":"R\u00e9veteg eml\u00e9k"},"content":{"rendered":"<p><span style=\"color: #ffcc00;\">R\u00e9veteg eml\u00e9k<\/span><\/p>\n<p><span style=\"color: #ffffff;\">N\u00e9zd! Megbabon\u00e1z a k\u00e9p.<\/span><br \/>\n<span style=\"color: #ffffff;\">T\u00e1voli harangok az \u0171rben:<\/span><br \/>\n<span style=\"color: #ffffff;\">k\u00e9t bolyg\u00f3 fej\u00fcnk felett<\/span><br \/>\n<span style=\"color: #ffffff;\">r\u00f6gvest \u00f6sszekoccan.<\/span><br \/>\n<span style=\"color: #ffffff;\">L\u00e1sd, csuk\u00f3dik a szemem!<\/span><br \/>\n<span style=\"color: #ffffff;\">S\u00f6t\u00e9t jelek foglalj\u00e1k el helyem.<\/span><\/p>\n<p><span style=\"color: #ffffff;\">Ne feszegesd m\u00faltam!<\/span><br \/>\n<span style=\"color: #ffffff;\">Felejtsd el azt a vir\u00e1gmint\u00e1s,<\/span><br \/>\n<span style=\"color: #ffffff;\">puf\u00f3k k\u00f6lk\u00f6t ott az els\u00e1rgult fot\u00f3n!<\/span><br \/>\n<span style=\"color: #ffffff;\">T\u00f6rt\u00e9nt m\u00e1s rosszabb. Ugyanott:<\/span><br \/>\n<span style=\"color: #ffffff;\">el\u0151tte esztend\u0151kkel a kertben,<\/span><br \/>\n<span style=\"color: #ffffff;\">egy elhagyott dobhoz ny\u00faltam.<\/span><br \/>\n<span style=\"color: #ffffff;\">Rajta r\u00f3tt sz\u00e1z \u00e1komb\u00e1kom.<\/span><br \/>\n<span style=\"color: #ffffff;\">Ott v\u00e1rt a fa t\u00f6v\u00e9ben.<\/span><br \/>\n<span style=\"color: #ffffff;\">Egy tejfelessz\u00e1j\u00fa h\u00e1t mit csin\u00e1ljon?<\/span><br \/>\n<span style=\"color: #ffffff;\">Doboltam.<\/span><br \/>\n<span style=\"color: #ffffff;\">T\u00e1n boh\u00f3k\u00e1s igric\u00e9,<\/span><br \/>\n<span style=\"color: #ffffff;\">vagy erd\u0151lak\u00f3\u00e9 volt? &#8211; nem tudom.<\/span><br \/>\n<span style=\"color: #ffffff;\">Csup\u00e1n azt, hogy az a s\u00f6t\u00e9t pecs\u00e9t,<\/span><br \/>\n<span style=\"color: #ffffff;\">az a s\u00f6t\u00e9t hegy nem messze, ott!<\/span><br \/>\n<span style=\"color: #ffffff;\">&#8211; ny\u00fajt\u00f3zott v\u00e9gig takar\u00f3mon<\/span><br \/>\n<span style=\"color: #ffffff;\">\u00e9s izzadt l\u00e1ncra vert<\/span><br \/>\n<span style=\"color: #ffffff;\">p\u00e1r \u00e9jszak\u00e1ra, vacogva nagyi<\/span><br \/>\n<span style=\"color: #ffffff;\">dohos, antik szekr\u00e9nye mellett.<\/span><\/p>\n<p><span style=\"color: #ffffff;\">Sz\u00fcrke r\u00e9mek, r\u00e9veteg eml\u00e9kek<\/span><br \/>\n<span style=\"color: #ffffff;\">m\u00e9ly\u00fclnek ma is arcomon.<\/span><\/p>\n<p><span style=\"color: #ffffff;\">\u00d3, de embertelen,<\/span><br \/>\n<span style=\"color: #ffffff;\">gyermeki k\u00ednz\u00f3 vil\u00e1g k\u00f6tele!<\/span><br \/>\n<span style=\"color: #ffffff;\">\u00c1lmaimban ma is<\/span><br \/>\n<span style=\"color: #ffffff;\">rostok szakadnak, hajak lobognak,<\/span><br \/>\n<span style=\"color: #ffffff;\">ha csak a hegy gyomr\u00e1ra,<\/span><br \/>\n<span style=\"color: #ffffff;\">e fekete korongra gondolok.<\/span><br \/>\n<span style=\"color: #ffffff;\">Zih\u00e1lok, f\u00e9lek,<\/span><br \/>\n<span style=\"color: #ffffff;\">ma is csak f\u00e9lig \u00e9lek.<\/span><br \/>\n<span style=\"color: #ffffff;\">B\u00e1r ne \u00fct\u00f6ttem-r\u00e9v\u00fcltem volna!<\/span><br \/>\n<span style=\"color: #ffffff;\">Az a sz\u00e9nfekete kopjafa-l\u00e9ny<\/span><br \/>\n<span style=\"color: #ffffff;\">kacagva ma is \u00fcreg\u00e9be tolna.<\/span><\/p>\n<p><span style=\"color: #ffffff;\">B\u00e1r enn\u00e9l is nagyobb a baj,<\/span><br \/>\n<span style=\"color: #ffffff;\">nagyobb a jaj:<\/span><br \/>\n<span style=\"color: #ffffff;\">m\u00e9g mindig torkomban cipelem ap\u00e1m<\/span><br \/>\n<span style=\"color: #ffffff;\">s \u00e9rzem haragomat.<\/span><\/p>\n<p><span style=\"color: #ffffff;\">Amint az a k\u00e9t harang fej\u00fcnk felett<\/span><br \/>\n<span style=\"color: #ffffff;\">v\u00e9gleg \u00f6sszekoppan s a d\u00fch elt\u00e1vozik,<\/span><br \/>\n<span style=\"color: #ffffff;\">eloldozom s\u00f6t\u00e9t anyagomat.<\/span><br \/>\n<span style=\"color: #ffffff;\">Elengedem s\u00falyom: torkom.<\/span><br \/>\n<span style=\"color: #ffffff;\">S eloldva kilehelem<\/span><br \/>\n<span style=\"color: #ffffff;\">v\u00e9gtelenbe suhan\u00f3 cs\u00f3nakomat.<\/span><\/p>\n<p><span style=\"color: #ffffff;\">2020.12.22 K.V.<\/span><\/p>\n","protected":false},"excerpt":{"rendered":"<p>R\u00e9veteg eml\u00e9k N\u00e9zd! Megbabon\u00e1z a k\u00e9p. T\u00e1voli harangok az \u0171rben: k\u00e9t bolyg\u00f3 fej\u00fcnk felett r\u00f6gvest \u00f6sszekoccan. L\u00e1sd, csuk\u00f3dik a szemem!<\/p>\n","protected":false},"author":1,"featured_media":0,"comment_status":"closed","ping_status":"closed","sticky":false,"template":"","format":"standard","meta":{"footnotes":""},"categories":[30],"tags":[152,110,38],"_links":{"self":[{"href":"https:\/\/www.kobzavajk.com\/web\/wp-json\/wp\/v2\/posts\/4178"}],"collection":[{"href":"https:\/\/www.kobzavajk.com\/web\/wp-json\/wp\/v2\/posts"}],"about":[{"href":"https:\/\/www.kobzavajk.com\/web\/wp-json\/wp\/v2\/types\/post"}],"author":[{"embeddable":true,"href":"https:\/\/www.kobzavajk.com\/web\/wp-json\/wp\/v2\/users\/1"}],"replies":[{"embeddable":true,"href":"https:\/\/www.kobzavajk.com\/web\/wp-json\/wp\/v2\/comments?post=4178"}],"version-history":[{"count":0,"href":"https:\/\/www.kobzavajk.com\/web\/wp-json\/wp\/v2\/posts\/4178\/revisions"}],"wp:attachment":[{"href":"https:\/\/www.kobzavajk.com\/web\/wp-json\/wp\/v2\/media?parent=4178"}],"wp:term":[{"taxonomy":"category","embeddable":true,"href":"https:\/\/www.kobzavajk.com\/web\/wp-json\/wp\/v2\/categories?post=4178"},{"taxonomy":"post_tag","embeddable":true,"href":"https:\/\/www.kobzavajk.com\/web\/wp-json\/wp\/v2\/tags?post=4178"}],"curies":[{"name":"wp","href":"https:\/\/api.w.org\/{rel}","templated":true}]}}