{"id":4187,"date":"2020-12-24T10:39:28","date_gmt":"2020-12-24T08:39:28","guid":{"rendered":"https:\/\/www.kobzavajk.com\/web\/?p=4187"},"modified":"2022-10-20T08:10:07","modified_gmt":"2022-10-20T06:10:07","slug":"befagyott-idonk","status":"publish","type":"post","link":"https:\/\/www.kobzavajk.com\/web\/befagyott-idonk\/","title":{"rendered":"Befagyott id\u0151nk"},"content":{"rendered":"<p><span style=\"color: #ffcc00;\">Befagyott id\u0151nk<\/span><br \/>\n<em><span style=\"color: #ffffff;\">Ruba Szilvi (1972-2019) bar\u00e1tom eml\u00e9k\u00e9re<\/span><\/em><\/p>\n<p><span style=\"color: #ffffff;\">Kopjaf\u00e1dnak d\u0151l\u00f6k,<\/span><br \/>\n<span style=\"color: #ffffff;\">feh\u00e9r toll vereslik avaron.<\/span><br \/>\n<span style=\"color: #ffffff;\">Van ki nem tud temetni.<\/span><br \/>\n<span style=\"color: #ffffff;\">Megkem\u00e9nyedett a tavad,<\/span><br \/>\n<span style=\"color: #ffffff;\">e mozdulatlan befagyott id\u0151nk:<\/span><br \/>\n<span style=\"color: #ffffff;\">&#8216;mi nem enged feledni.<\/span><br \/>\n<span style=\"color: #ffffff;\">M\u00e9gse lelem arcod. Sehol.<\/span><br \/>\n<span style=\"color: #ffffff;\">Kutatom val\u00f3d.<\/span><br \/>\n<span style=\"color: #ffffff;\">A val\u00f3t f\u00fcrk\u00e9szem<\/span><br \/>\n<span style=\"color: #ffffff;\">s engem,<\/span><br \/>\n<span style=\"color: #ffffff;\">kit folyv\u00e1st megid\u00e9z<\/span><br \/>\n<span style=\"color: #ffffff;\">a csupasz f\u00e1jdalom&#8230;<\/span><br \/>\n<span style=\"color: #ffffff;\">Nem vagy hol fog vacog;<\/span><br \/>\n<span style=\"color: #ffffff;\">az \u00e9jszak\u00e1n, ha csontra l\u00e9pek.<\/span><br \/>\n<span style=\"color: #ffffff;\">Most se, hisz k\u00f6nny fakadt<\/span><br \/>\n<span style=\"color: #ffffff;\">harminchatot \u00e9lt szememb\u0151l.<\/span><\/p>\n<p><span style=\"color: #ffffff;\">Begub\u00f3zva fekszem.<\/span><br \/>\n<span style=\"color: #ffffff;\">Nyom\u00f3dik a borda,<\/span><br \/>\n<span style=\"color: #ffffff;\">s\u00edpol a t\u00fcd\u0151,<\/span><br \/>\n<span style=\"color: #ffffff;\">a k\u00e1lyh\u00e1ban elalszik a t\u0171z.<\/span><br \/>\n<span style=\"color: #ffffff;\">Hol vagy?<\/span><br \/>\n<span style=\"color: #ffffff;\">Hol vagyunk?<\/span><br \/>\n<span style=\"color: #ffffff;\">Mint fesz\u00fcl\u0151 v\u00edz t\u00fckr\u00e9n<\/span><br \/>\n<span style=\"color: #ffffff;\">sz\u00e9th\u00e1nyt parazsak:<\/span><br \/>\n<span style=\"color: #ffffff;\">egyszer kihunyunk.<\/span><\/p>\n<p><span style=\"color: #ffffff;\">2020.12.24 K.V.<\/span><\/p>\n","protected":false},"excerpt":{"rendered":"<p>Befagyott id\u0151nk Ruba Szilvi (1972-2019) bar\u00e1tom eml\u00e9k\u00e9re Kopjaf\u00e1dnak d\u0151l\u00f6k, feh\u00e9r toll vereslik avaron. Van ki nem tud temetni. Megkem\u00e9nyedett a<\/p>\n","protected":false},"author":1,"featured_media":0,"comment_status":"closed","ping_status":"closed","sticky":false,"template":"","format":"standard","meta":{"footnotes":""},"categories":[30],"tags":[152,110,38],"_links":{"self":[{"href":"https:\/\/www.kobzavajk.com\/web\/wp-json\/wp\/v2\/posts\/4187"}],"collection":[{"href":"https:\/\/www.kobzavajk.com\/web\/wp-json\/wp\/v2\/posts"}],"about":[{"href":"https:\/\/www.kobzavajk.com\/web\/wp-json\/wp\/v2\/types\/post"}],"author":[{"embeddable":true,"href":"https:\/\/www.kobzavajk.com\/web\/wp-json\/wp\/v2\/users\/1"}],"replies":[{"embeddable":true,"href":"https:\/\/www.kobzavajk.com\/web\/wp-json\/wp\/v2\/comments?post=4187"}],"version-history":[{"count":0,"href":"https:\/\/www.kobzavajk.com\/web\/wp-json\/wp\/v2\/posts\/4187\/revisions"}],"wp:attachment":[{"href":"https:\/\/www.kobzavajk.com\/web\/wp-json\/wp\/v2\/media?parent=4187"}],"wp:term":[{"taxonomy":"category","embeddable":true,"href":"https:\/\/www.kobzavajk.com\/web\/wp-json\/wp\/v2\/categories?post=4187"},{"taxonomy":"post_tag","embeddable":true,"href":"https:\/\/www.kobzavajk.com\/web\/wp-json\/wp\/v2\/tags?post=4187"}],"curies":[{"name":"wp","href":"https:\/\/api.w.org\/{rel}","templated":true}]}}