{"id":4191,"date":"2021-01-02T15:05:35","date_gmt":"2021-01-02T13:05:35","guid":{"rendered":"https:\/\/www.kobzavajk.com\/web\/?p=4191"},"modified":"2021-01-03T14:51:48","modified_gmt":"2021-01-03T12:51:48","slug":"2020-as-szamvetes","status":"publish","type":"post","link":"https:\/\/www.kobzavajk.com\/web\/2020-as-szamvetes\/","title":{"rendered":"2020-as Sz\u00e1mvet\u00e9s"},"content":{"rendered":"<p><span style=\"color: #ffcc00;\">2020-as Sz\u00e1mvet\u00e9s<\/span><\/p>\n<p><span style=\"color: #ffffff;\">Hej! \u00d6t\u00f6dik \u00e9ve, hogy g\u00f3rcs\u0151 al\u00e1 veszem az el\u0151z\u0151 esztend\u0151 f\u0151bb esem\u00e9nyeit, pillanatait. A vil\u00e1gban zajl\u00f3 esem\u00e9nyek mellett a saj\u00e1t \u00e9letemben is \u00f3ri\u00e1si v\u00e1ltoz\u00e1sok voltak. Nos, ezekr\u0151l \u2013 nagy \u00f6r\u00f6m\u00f6mre \u2013 nem fogok \u00edrni semmit. &#x1f603; (Rem\u00e9lem most mindenki megnyugodott. Velem egy\u00fctt.)<\/span><br \/>\n<span style=\"color: #ffffff;\">Nagyon h\u00e1l\u00e1s vagyok nektek, hogy hallgattok, k\u00f6vettek, olvastok, \u00e9s hogy \u00e9hezitek a szellemi t\u00e1pl\u00e1l\u00e9kot! \u00cdg\u00e9retemhez h\u00edven, a tov\u00e1bbiakban is a bennem \u00e9s mindny\u00e1junkban l\u00e9tez\u0151 v\u00e9gtelent igyekszem hallhat\u00f3v\u00e1 tenni! B\u00edzom benne, hogy kell\u0151 al\u00e1zattal \u00e9s hittel ezt meg is tudom val\u00f3s\u00edtani m\u00e1sok jav\u00e1ra! K\u00f6sz\u00f6n\u00f6m nektek!<\/span><br \/>\n<span style=\"color: #ffffff;\">Csapjunk is bele az \u00f6sszegz\u00e9sbe!<\/span><\/p>\n<p><span style=\"color: #ffffff;\"><span style=\"color: #ffcc00;\">01.24.<\/span> Megjelent a Thy Catafalque sorban tizedik nagylemeze NAIV c\u00edmmel a neves Season of Mist kiad\u00f3n\u00e1l. A teljes albumot itt lehet meghallgatni: <a style=\"color: #ffffff;\" href=\"https:\/\/youtu.be\/9P4rY5pcfjI\" target=\"_blank\" rel=\"noopener noreferrer\">https:\/\/youtu.be\/9P4rY5pcfjI<\/a><\/span><br \/>\n<span style=\"color: #ffffff;\">Aki m\u00e9g nem ismeri K\u00e1tai Tam\u00e1s zenekar\u00e1t azt k\u00e9rem, hogy p\u00f3tolja be a lemarad\u00e1st, ugyanis v\u00e9lem\u00e9nyem szerint a letagl\u00f3z\u00f3, \u00f6tlet d\u00fas kem\u00e9nyzene ter\u00e9n az egyik legizgalmasabb zenei v\u00e1llalkoz\u00e1s! Az m\u00e1r csak hab a tort\u00e1n, hogy abban a megtiszteltet\u00e9sben volt r\u00e9szem, hogy a legut\u00f3bbi lemezen az Embers\u00f3lyom \u00e9s a Val\u00f3s\u00e1g Kazamat\u00e1i c\u00edm\u0171 sz\u00e1mokban k\u00f6zrem\u0171k\u00f6dhettem. K\u00f6sz\u00f6n\u00f6m a lehet\u0151s\u00e9get, kedves Tam\u00e1s!<\/span><\/p>\n<p><span style=\"color: #ffffff;\"><span style=\"color: #ffcc00;\">01.29.<\/span>-\u00e9n a tri\u00f3mmal egy f\u00e9l \u00f3r\u00e1s \u00e9l\u0151 felv\u00e9telre ker\u00fclt sor a Rol\u00f3 FM-n\u00e9l a Budabeats j\u00f3volt\u00e1b\u00f3l. A vide\u00f3t itt tudj\u00e1tok megtekinteni: <a style=\"color: #ffffff;\" href=\"https:\/\/youtu.be\/RId7yMuYR6E\" target=\"_blank\" rel=\"noopener noreferrer\">https:\/\/youtu.be\/RId7yMuYR6E<\/a><\/span><br \/>\n<span style=\"color: #ffffff;\">K\u00fcl\u00f6n k\u00f6sz\u00f6net Dj Gandharva-nak a szervez\u00e9s\u00e9rt! &#x1f642;<\/span><\/p>\n<p><span style=\"color: #ffffff;\"><span style=\"color: #ffcc00;\">02.02.<\/span> Szab\u00f3 S\u00e1ndorral megjelent els\u0151 k\u00f6z\u00f6s lemezem R\u00d3 c\u00edmmel. A lemezbemutat\u00f3ra a vil\u00e1gh\u00e1l\u00f3n, a L\u00e1ngol\u00f3 zenei magazin j\u00f3volt\u00e1b\u00f3l ker\u00fclt sor. A lemez teljes eg\u00e9sz\u00e9ben itt hallhat\u00f3: <a style=\"color: #ffffff;\" href=\"https:\/\/youtu.be\/jbTAuxCa4UY\" target=\"_blank\" rel=\"noopener noreferrer\">https:\/\/youtu.be\/jbTAuxCa4UY<\/a><\/span><br \/>\n<span style=\"color: #ffffff;\">A lemezt S\u00e1ndor az al\u00e1bbiakban foglalta \u00f6ssze: Posztmodern vil\u00e1gunkban sok m\u0171v\u00e9szi alkot\u00e1s, \u00edgy a zene is a m\u00falt alkot\u00e1sainak jelen reflexi\u00f3jak\u00e9nt \u00fajra felid\u00e9z\u00e9snek t\u0171nhet, mik\u00f6zben az \u0151si a modernnel saj\u00e1tos viszonyban \u00f6tv\u00f6z\u0151dve egy \u00faj min\u0151s\u00e9get alkot. (\u2026) b\u00e1rmilyen alkot\u00f3 er\u0151k is fesz\u00fclnek egym\u00e1snak a hangok tenger\u00e9ben, a zene minden pillanat\u00e1ban k\u00e9t egyl\u00e9ny\u0171v\u00e9 olvadt l\u00e9lek megnyilv\u00e1nul\u00e1sak\u00e9nt hangzanak a vil\u00e1gba. Egy k\u00eds\u00e9rlet a hangi vil\u00e1g jelen\u00e9ben felt\u00e1rni a zenei m\u00faltat, ami tovasiklik a j\u00f6v\u0151be.<\/span><\/p>\n<p><span style=\"color: #ffffff;\"><span style=\"color: #ffcc00;\">03.19.<\/span> Az Magyar Nemzet Lugas mell\u00e9klet\u00e9ben megjelent egy m\u00e9ltat\u00f3 kritika a R\u00d3 lemezr\u0151l, Hangok a teremtett vil\u00e1gb\u00f3l c\u00edmmel, Juh\u00e1sz Krist\u00f3f toll\u00e1b\u00f3l. Itt olvashatj\u00e1tok: <a style=\"color: #ffffff;\" href=\"https:\/\/magyarnemzet.hu\/lugas-rovat\/hangok-a-teremtett-vilagbol-7860836\/\" target=\"_blank\" rel=\"noopener noreferrer\">https:\/\/magyarnemzet.hu\/lugas-rovat\/hangok-a-teremtett-vilagbol-7860836\/<\/a><\/span><br \/>\n<span style=\"color: #ffffff;\">Illetve, a Recorder.hu is \u00edrt a lemezr\u0151l: \u201e\u2026megragadhatatlanul elillan\u00f3, sejtelmes folyamatzene\u2026\u201d.<\/span><\/p>\n<p><span style=\"color: #ffffff;\"><span style=\"color: #ffcc00;\">05.14.<\/span> A karant\u00e9n alkalm\u00e1b\u00f3l a tri\u00f3mmal felv\u00e9tel k\u00e9sz\u00fclt az A38 Haj\u00f3 -n, melyet k\u00e9s\u0151bb az MTV is k\u00f6zvet\u00edtett \u00e9s felker\u00fclt a vil\u00e1gh\u00e1l\u00f3ra is. A koncert mellett interj\u00fat is adtunk. Mindkett\u0151 itt l\u00e1that\u00f3, hallhat\u00f3: <a style=\"color: #ffffff;\" href=\"https:\/\/youtu.be\/m7jWtv6xByo\" target=\"_blank\" rel=\"noopener noreferrer\">https:\/\/youtu.be\/m7jWtv6xByo<\/a><\/span><\/p>\n<p><span style=\"color: #ffffff;\"><span style=\"color: #ffcc00;\">06.24.<\/span> ILLAN\u00c1S c\u00edmmel megjelent a nyolcadik albumom, ahol t\u00f6bb k\u00f6zrem\u0171k\u00f6d\u0151vel egy\u00fctt egy olyan vil\u00e1got tudtam l\u00e9trehozni, ami m\u00e1r egy \u00e9vtizede \u00e9rlel\u0151d\u00f6tt bennem. Az Illan\u00e1son k\u00f6zrem\u0171k\u00f6dtek: Bakai M\u00e1rton \u2013 heged\u0171, Bolya Bors \u2013 klarin\u00e9t, Major Bal\u00e1zs \u2013 udu, \u00fct\u0151hangszerek, Mur\u00e1nyi Norbert \u2013 perzsa szant\u00far, Peng\u0151 Csaba \u2013 nagyb\u0151g\u0151, Szab\u00f3 S\u00e1ndor \u2013 ambiens atmoszf\u00e9ra. A lemezbemutat\u00f3ra szint\u00e9n a L\u00e1ngol\u00f3-n ker\u00fclt sor, ahonnan nagyon sok felemel\u0151 visszajelz\u00e9s \u00e9rkezett. K\u00fcl\u00f6n k\u00f6sz\u00f6net Heidrich Roland hangm\u00e9rn\u00f6k \u00e9s zen\u00e9sz t\u00e1rsamnak, bar\u00e1tomnak, aki teljes odafigyel\u00e9ssel \u00e9s gondoskod\u00e1ssal sz\u00edv\u00e9n viselte a k\u00f6z\u00f6s munk\u00e1t. Az Illan\u00e1st itt lehet meghallgatni: <a style=\"color: #ffffff;\" href=\"https:\/\/youtu.be\/SnmZxXw9YiY\" target=\"_blank\" rel=\"noopener noreferrer\">https:\/\/youtu.be\/SnmZxXw9YiY<\/a><\/span><\/p>\n<p><span style=\"color: #ffffff;\">Az Illan\u00e1s lemezr\u0151l sorra \u00e9rkeztek a m\u00e9ltat\u00f3 irom\u00e1nyok:<\/span><br \/>\n<span style=\"color: #ffffff;\">\u201eAz Illan\u00e1s sz\u00e9ps\u00e9ge, finoms\u00e1gai, \u00f6tletei nem adj\u00e1k magukat k\u00f6nnyen, de \u00e9rdemes r\u00e1sz\u00e1nni a figyelmet.\u201d \u2013 Recorder.hu, 2020.06.25.<\/span><\/p>\n<p><span style=\"color: #ffffff;\">\u201eKobza Vajk lemeze a kort\u00e1rs magyar zenekult\u00fara egyik \u00faj magaslati pontja, nagyszer\u0171 lelki \u00e9s szellemi utaz\u00e1s az id\u0151tlens\u00e9g birodalm\u00e1ban!\u201d \u2013 Mandiner 2020.07.16.<\/span><\/p>\n<p><span style=\"color: #ffffff;\">\u201eNem csup\u00e1n megjelent egy j\u00f3 magyar lemez, hanem olyan lemez ez, amely a vil\u00e1gon b\u00e1rhol meg\u00e1llja a hely\u00e9t\u2026\u201d \u2013 Magyar Kr\u00f3nika Magazin, 2020.09.26. A Magyar Kr\u00f3nik\u00e1ban megjelent kritika itt olvashat\u00f3: <a style=\"color: #ffffff;\" href=\"https:\/\/www.magyar-kronika.hu\/cikk\/az-eredendo-megszolitasa\" target=\"_blank\" rel=\"noopener noreferrer\">https:\/\/www.magyar-kronika.hu\/cikk\/az-eredendo-megszolitasa<\/a><\/span><\/p>\n<p><span style=\"color: #ffffff;\"><span style=\"color: #ffcc00;\">07.01.<\/span> A lemezmegjelen\u00e9s kapcs\u00e1n k\u00e9sz\u00fclt egy teljes interj\u00fa a Magyar Nemzetben. Az interj\u00fa itt olvashat\u00f3: <a style=\"color: #ffffff;\" href=\"https:\/\/magyarnemzet.hu\/kultura\/minden-mas-illanas-8316549\/\" target=\"_blank\" rel=\"noopener noreferrer\">https:\/\/magyarnemzet.hu\/kultura\/minden-mas-illanas-8316549\/<\/a><\/span><\/p>\n<p><span style=\"color: #ffffff;\"><span style=\"color: #ffcc00;\">08.14.<\/span> L\u00e9trej\u00f6tt \u00e9letem els\u0151 hivatalos vide\u00f3klipje, amely az Eltitkolt Vil\u00e1g c\u00edm\u0171 sz\u00e1mhoz k\u00e9sz\u00fclt. A vide\u00f3- \u00e9s hangfelv\u00e9telt Heidrich Roland r\u00f6gz\u00edtette \u00e9s keverte. Nektek, hogy tetszik? Itt megtekinthet\u0151: <a style=\"color: #ffffff;\" href=\"https:\/\/youtu.be\/Xpr1xk9PCJM\" target=\"_blank\" rel=\"noopener noreferrer\">https:\/\/youtu.be\/Xpr1xk9PCJM<\/a><\/span><\/p>\n<p><span style=\"color: #ffffff;\"><span style=\"color: #ffcc00;\">08.20.<\/span> Az \u00e9v egyetlen Kobza Vajk Tri\u00f3 koncertj\u00e9re a var\u00e1zslatos M\u00e1tra-S\u00e1st\u00f3n ker\u00fclt sor a Fekete Zaj Fesztiv\u00e1l-on. \u00c9vek \u00f3ta gyakori fell\u00e9p\u0151je \u00e9s \u00e1lland\u00f3 r\u00e9sztvev\u0151je vagyok a p\u00e1rnapos esem\u00e9nynek amely, ha szabad mondanom, haz\u00e1nk egyetlen \u00e9s egyben legnagyobb alternat\u00edv zenei \u00e9s \u00f6sszm\u0171v\u00e9szeti gy\u0171jt\u0151helye. K\u00fcl\u00f6n k\u00f6sz\u00f6n\u00f6m Varga Bal\u00e1zsnak a megh\u00edv\u00e1st \u00e9s R\u00e1kos D\u00e1nielnek a profi szervez\u00e9st.<\/span><\/p>\n<p><span style=\"color: #ffffff;\"><span style=\"color: #ffcc00;\">10.12.<\/span> \u00c9letem egyik leghosszabb interj\u00faj\u00e1t adtam a Mandiner-nek, terjesztve a bels\u0151 v\u00e9gtelen \u00fczenet\u00e9t \u00e9s a szellemi vil\u00e1goss\u00e1got. Itt olvashat\u00f3: <a style=\"color: #ffffff;\" href=\"https:\/\/mandiner.hu\/cikk\/20201012_kobza_vajk_a_mandinernek\" target=\"_blank\" rel=\"noopener noreferrer\">https:\/\/mandiner.hu\/cikk\/20201012_kobza_vajk_a_mandinernek<\/a><\/span><br \/>\n<span style=\"color: #ffffff;\">Nagy k\u00f6sz\u00f6nettel tartozom Gy\u0151rffy \u00c1kosnak, hogy felfigyelt a munk\u00e1ss\u00e1gomra! Nagy \u00e9rz\u00e9kenys\u00e9ggel l\u00e1tja az embert \u00e9s nagy tudatoss\u00e1ggal engedi mag\u00e1ba a zen\u00e9t, ebb\u0151l sz\u00fclethettek az interj\u00fa rendk\u00edv\u00fcl j\u00f3 k\u00e9rd\u00e9sei is!<\/span><\/p>\n<p><span style=\"color: #ffffff;\">A j\u00e1rv\u00e1ny ellen\u00e9re s\u0171r\u0171 \u00e9v van m\u00f6g\u00f6ttem.<\/span><br \/>\n<span style=\"color: #ffffff;\">Egy l\u00e1tsz\u00f3lag nem ideval\u00f3 \u00e9s furcsa gondolatmenettel z\u00e1rom soraimat.<\/span><\/p>\n<p><span style=\"color: #ffffff;\">09.28.-\u00e1n ifj. K\u00e1tai Mih\u00e1ly 1935 \u2013 2020 Munk\u00e1csy-d\u00edjas fest\u0151m\u0171v\u00e9sz, zom\u00e1ncm\u0171v\u00e9sz, iparm\u0171v\u00e9sz, \u00edr\u00f3 \u00e9s etruszk kutat\u00f3 j\u00f3 bar\u00e1tom f\u00f6ldi pors\u00e1tor\u00e1t lerakva elt\u00e1vozott a v\u00e9gtelen terekbe. Az \u0151 munk\u00e1ss\u00e1ga \u00e9s bar\u00e1ts\u00e1ga m\u00e9rf\u00f6ldk\u0151 az \u00e9letemben, akik ismernek, tudj\u00e1k milyen sok \u00e1tbesz\u00e9lt \u00e9jszaka van m\u00f6g\u00f6tt\u00fcnk. \u00c9s b\u00e1r a l\u00e9lek halhatatlans\u00e1ga, a benn\u00fcnk \u00e9l\u0151 eredend\u0151 \u201ctudat\u201d v\u00e1ltozatlans\u00e1ga mellett tett\u00fck le voksunkat, m\u00e9gis megr\u00e1zott Mih\u00e1ly hal\u00e1lh\u00edre. Az ut\u00f3bbi p\u00e1r \u00e9vben sorra kelnek \u00e1t az ismeretlenbe olyan emberek, akik meghat\u00e1roz\u00f3ak az \u00e9letemben \u00e9s szerves r\u00e9sz\u00e9t k\u00e9pezt\u00e9k annak. Akikkel azt hittem, majd egy\u00fctt \u00f6regszem meg. H\u00e1t nem. Fiam vil\u00e1gra j\u00f6tte \u00f3ta m\u00e1r nem csak a sz\u00fclet\u00e9sre, hanem a hal\u00e1lra is rezd\u00fcl\u00f6k, ami ez id\u00e1ig sosem volt jellemz\u0151. Lehet, korral j\u00e1r a felismer\u00e9s, ugyanakkor ezen \u00e9lm\u00e9nyek jelz\u0151k\u00f6vek is, a kozmikus por f\u00f6ld\u00f6n ragadt \u00fczenetei. \u00c1llati r\u00e9szemet nem feledve, de tekintetem arr\u00f3l elford\u00edtva, a benn\u00fcnk \u00e9l\u0151 eredend\u0151r\u0151l a mindenben ott \u00e9l\u0151 eredend\u0151re ford\u00edtom. Most m\u00e9g az elv\u00e1laszt\u00e1s-vil\u00e1g\u00e1ban \u00e9lek \u00e9s b\u00edzom benne, hogy az egys\u00e9g-l\u00e1t\u00e1s vil\u00e1g\u00e1ra egyszer csak r\u00e1\u00e9bredek. Mert a benn\u00fcnk \u00e9s a minden: egys\u00e9g. A hal\u00e1l az \u00e1llati r\u00e9sz\u00fcnket eszm\u00e9lteti, gyeng\u00edti, piszk\u00e1lja az \u00e1lom hav\u00e1ban, m\u00edg a l\u00e9lek-fon\u00e1l lassan arany ragyog\u00e1sba kezd. \u00c9s mindj\u00e1rt itt az \u00f6r\u00f6k visszat\u00e9r\u00e9s, a Nap, az arany. Az \u00f6r\u00f6k felt\u00e9tel n\u00e9lk\u00fcli odaad\u00f3 sug\u00e1rz\u00e1s, azaz (a legink\u00e1bb giccsbe-cs\u00e9pelt szavunk) a szeretet. Minden, ami van: keletkezett; minden, ami keletkezett: muland\u00f3. Csup\u00e1n a mindenben ott rezg\u0151 eredend\u0151, a szer, a v\u00e9gtelen nincs az id\u0151 vasfog\u00e1hoz k\u00f6tve. \u00cdgy a hal\u00e1lban is ott van a szeretet, nemcsak a sz\u00fclet\u00e9sben, csak ezt t\u00e1n m\u00e9g nehezen \u00e9rtj\u00fck.<\/span><br \/>\n<span style=\"color: #ffffff;\">Arra k\u00e9rlek, hogy adj \u00e9rtelmet \u00e9s er\u0151t az \u00e9letnek azzal, hogy h\u00e1l\u00e1val gondolsz jelenlegi emberi form\u00e1dra, mert most ezen kereszt\u00fcl is meg\u00e9lheted a szeretet \u00e9rz\u00e9s\u00e9t azokkal, akik igaz\u00e1n fontosak sz\u00e1modra! Mert e f\u00f6ldi l\u00e9tben nem tudom meddig\u2026, nem tudjuk meddig. Egy r\u00f6pke pillanatra \u00e9breszd fel magadban a csendes v\u00e9gtelent, az \u00f6r\u00f6kk\u00f6n ragyog\u00f3t \u00e9s vil\u00e1golj gondolatban a szeretteid fel\u00e9! Ez az, ami az \u00e1lom hav\u00e1nak ter\u00e9ben pecs\u00e9tk\u00e9nt igaz\u00e1n megmarad.<\/span><\/p>\n<p><span style=\"color: #ffffff;\">K\u00f6sz\u00f6n\u00f6m, hogy olvastok, hallgattok!<\/span><br \/>\n<span style=\"color: #ffffff;\">Legyen \u00e1ldott \u00e9s eg\u00e9szs\u00e9ggel teli az \u00faj esztend\u0151!<\/span><br \/>\n<span style=\"color: #ffffff;\">\u00c1ld\u00e1s az \u00faton j\u00e1r\u00f3knak!<\/span><\/p>\n<p><span style=\"color: #ffffff;\">Kobza Vajk<\/span><\/p>\n<p><span style=\"color: #ffffff;\">2021.01.02.<\/span><\/p>\n<p><span style=\"color: #ffffff;\">ui: \u00e9s persze id\u00e9n sem maradtok \u00faj zenei t\u00e1pl\u00e1l\u00e9k n\u00e9lk\u00fcl. A r\u00e9szleteket, majd k\u00e9s\u0151bb megosztom! &#x1f642; Hej!<\/span><\/p>\n","protected":false},"excerpt":{"rendered":"<p>2020-as Sz\u00e1mvet\u00e9s Hej! \u00d6t\u00f6dik \u00e9ve, hogy g\u00f3rcs\u0151 al\u00e1 veszem az el\u0151z\u0151 esztend\u0151 f\u0151bb esem\u00e9nyeit, pillanatait. A vil\u00e1gban zajl\u00f3 esem\u00e9nyek mellett<\/p>\n","protected":false},"author":1,"featured_media":4192,"comment_status":"closed","ping_status":"closed","sticky":false,"template":"","format":"standard","meta":{"footnotes":""},"categories":[1],"tags":[152,53,99,116,115],"_links":{"self":[{"href":"https:\/\/www.kobzavajk.com\/web\/wp-json\/wp\/v2\/posts\/4191"}],"collection":[{"href":"https:\/\/www.kobzavajk.com\/web\/wp-json\/wp\/v2\/posts"}],"about":[{"href":"https:\/\/www.kobzavajk.com\/web\/wp-json\/wp\/v2\/types\/post"}],"author":[{"embeddable":true,"href":"https:\/\/www.kobzavajk.com\/web\/wp-json\/wp\/v2\/users\/1"}],"replies":[{"embeddable":true,"href":"https:\/\/www.kobzavajk.com\/web\/wp-json\/wp\/v2\/comments?post=4191"}],"version-history":[{"count":0,"href":"https:\/\/www.kobzavajk.com\/web\/wp-json\/wp\/v2\/posts\/4191\/revisions"}],"wp:featuredmedia":[{"embeddable":true,"href":"https:\/\/www.kobzavajk.com\/web\/wp-json\/wp\/v2\/media\/4192"}],"wp:attachment":[{"href":"https:\/\/www.kobzavajk.com\/web\/wp-json\/wp\/v2\/media?parent=4191"}],"wp:term":[{"taxonomy":"category","embeddable":true,"href":"https:\/\/www.kobzavajk.com\/web\/wp-json\/wp\/v2\/categories?post=4191"},{"taxonomy":"post_tag","embeddable":true,"href":"https:\/\/www.kobzavajk.com\/web\/wp-json\/wp\/v2\/tags?post=4191"}],"curies":[{"name":"wp","href":"https:\/\/api.w.org\/{rel}","templated":true}]}}