{"id":4617,"date":"2022-01-10T12:08:51","date_gmt":"2022-01-10T10:08:51","guid":{"rendered":"https:\/\/www.kobzavajk.com\/web\/?p=4617"},"modified":"2022-01-13T17:09:28","modified_gmt":"2022-01-13T15:09:28","slug":"2021-es-szamvetes","status":"publish","type":"post","link":"https:\/\/www.kobzavajk.com\/web\/2021-es-szamvetes\/","title":{"rendered":"2021-es sz\u00e1mvet\u00e9s"},"content":{"rendered":"<p><span style=\"color: #ffffff;\">2021-es sz\u00e1mvet\u00e9s<\/span><\/p>\n<p><span style=\"color: #ffffff;\">Hej! Hatodik \u00e9ve, hogy g\u00f3rcs\u0151 al\u00e1 veszem az el\u0151z\u0151 esztend\u0151 f\u0151bb esem\u00e9nyeit, pillanatait.<\/span><br \/>\n<span style=\"color: #ffffff;\">Nagyon h\u00e1l\u00e1s vagyok nektek, hogy hallgattok, k\u00f6vettek, olvastok, \u00e9s hogy \u00e9hezitek a szellemi t\u00e1pl\u00e1l\u00e9kot! \u00cdg\u00e9retemhez h\u00edven, a tov\u00e1bbiakban is a bennem \u00e9s mindny\u00e1junkban \u00e9l\u0151 v\u00e9gtelent igyekszem hallhat\u00f3v\u00e1 tenni a l\u00e1tszatvil\u00e1g zaj\u00e1t ellens\u00falyozva! B\u00edzom benne, hogy kell\u0151 al\u00e1zattal \u00e9s hittel ezt meg is tudom val\u00f3s\u00edtani m\u00e1sok jav\u00e1ra! K\u00f6sz\u00f6n\u00f6m nektek!<\/span><br \/>\n<span style=\"color: #ffffff;\">Csapjunk is bele az \u00f6sszegz\u00e9sbe!<\/span><\/p>\n<p><span style=\"color: #ffffff;\"><span style=\"color: #ffcc00;\">02.04.<\/span> Megjelent a m\u00e1sodik k\u00f6z\u00f6s albumunk Szab\u00f3 S\u00e1ndorral Rejtek c\u00edmmel, melynek a premierj\u00e9t a l\u00e1ngol\u00f3.hu online zenei magazin biztos\u00edtotta. A teljes albumot itt lehet meghallgatni: <a style=\"color: #ffffff;\" href=\"https:\/\/youtu.be\/xQz-4tcjLzY\" target=\"_blank\" rel=\"noopener\">https:\/\/youtu.be\/xQz-4tcjLzY<\/a><\/span><br \/>\n<span style=\"color: #ffffff;\">A lemez k\u00eds\u00e9r\u0151 sz\u00f6veg\u00e9t To\u00f3t-Holl\u00f3 Tam\u00e1s \u00edr\u00f3, irodalomt\u00f6rt\u00e9n\u00e9sz bar\u00e1tom jegyzi: ,,Sz\u00e1munkra ismeretlen, de a nom\u00e1d civiliz\u00e1ci\u00f3k \u0151sidej\u00e9ben egym\u00e1s t\u00e1rsas\u00e1g\u00e1ban b\u00e1tran megfordul\u00f3 s net\u00e1n megsz\u00f3lal\u00f3 hangszerekkel dolgoznak. S olyan zenei \u00f6sszhangzatokat, \u00f6sszecsend\u00fcl\u00e9seket alkotnak, amelyek eddig a m\u00e9di\u00e1n kereszt\u00fcl magunk\u00e9v\u00e1 tehet\u0151 vil\u00e1gon megismerhet\u0151 tud\u00e1s szerint egym\u00e1s t\u00e1rs\u00e1ul soha nem szeg\u0151dtek. De l\u00e9tez\u00e9s\u00fck alapja az, hogy egym\u00e1ssal nagyon is megf\u00e9rnek. Ahogy a ku-cseng \u00e9s az \u00fad, ugyan\u00fagy a pszalt\u00e9rium \u00e9s a baglama is. A n\u00e9pek bar\u00e1ts\u00e1ga lehet a h\u00farok bar\u00e1ts\u00e1ga is.\u201d (r\u00e9szlet)<\/span><\/p>\n<p><span style=\"color: #ffffff;\"><span style=\"color: #ffcc00;\">03.18.<\/span> Az album megjelen\u00e9s\u00e9t k\u00f6vet\u0151en megjelent egy lemezaj\u00e1nl\u00f3 a Recorder-en, majd a MN Lugas mell\u00e9klet\u00e9ben is egy m\u00e9ltat\u00f3 kritika. Itt olvashat\u00f3: <a style=\"color: #ffffff;\" href=\"https:\/\/magyarnemzet.hu\/lugas-rovat\/ud-baglama-guzheng-9533096\/\" target=\"_blank\" rel=\"noopener\">https:\/\/magyarnemzet.hu\/lugas-rovat\/ud-baglama-guzheng-9533096\/<\/a><\/span><\/p>\n<p><span style=\"color: #ffffff;\"><span style=\"color: #ffcc00;\">04.09.<\/span> Szomor\u00faan vettem tudom\u00e1sul, hogy Orczi G\u00e9za megbecs\u00fclt zen\u00e9sz koll\u00e9g\u00e1m, a r\u00e9gen volt nagy zenekarom oszlopos tagja lerakta f\u00f6ldi pors\u00e1tor\u00e1t! \u0150 k\u00e9sz\u00edtette azt a baglama-t, amit mind a mai napig koncerteken haszn\u00e1lok. Mindig szeretettel fogok eml\u00e9kezni G\u00e9z\u00e1ra!<\/span><\/p>\n<p><span style=\"color: #ffffff;\"><span style=\"color: #ffcc00;\">05.20.<\/span> A Budabeats Records \u00edrta egy bejegyz\u00e9s\u00e9ben: A Budabeats felker\u00fclt az Impala &#8211; Independent Music Companies Association \u2013 Eur\u00f3pai F\u00fcggetlen Lemezkiad\u00f3k Egyes\u00fclet\u00e9nek &#8222;20 fiatal kiad\u00f3, akikre \u00e9rdemes figyelni&#8221; list\u00e1j\u00e1ra. A cikkhez tartoz\u00f3 Spotify playlistben pedig Kobza Vajk, B\u00e9T\u00e9 \u00e9s a Chillum Trio is szerepel. B\u00fcszk\u00e9k vagyunk, na!<\/span><\/p>\n<p><span style=\"color: #ffffff;\"><span style=\"color: #ffcc00;\">05.21.<\/span> \u00dad sz\u00f3l\u00f3 koncertet adtam egy gy\u00f6ny\u00f6r\u0171 helyen, a zs\u00e1mb\u00e9ki K\u00f6rt\u00e9r K\u00f6z\u00f6ss\u00e9g szervez\u00e9s\u00e9ben, amit ez\u00faton is h\u00e1l\u00e1san k\u00f6sz\u00f6n\u00f6k! Oly\u2019 j\u00f3l siker\u00fclt, hogy nem sokkal ezut\u00e1n 07.02-\u00e9n ugyanott a tri\u00f3mmal is fell\u00e9pt\u00fcnk. \ud83d\ude42<\/span><\/p>\n<p><span style=\"color: #ffffff;\"><span style=\"color: #ffcc00;\">06.10.<\/span> Az els\u0151 k\u00fclf\u00f6ldi m\u00e9ltat\u00e1s a Rejtek lemezr\u0151l. Itt olvashat\u00f3: <a style=\"color: #ffffff;\" href=\"https:\/\/gbumps.blog\/2021\/06\/07\/szabo-sandor-kobza-vajk-rejtek-2021\/\" target=\"_blank\" rel=\"noopener\">https:\/\/gbumps.blog\/2021\/06\/07\/szabo-sandor-kobza-vajk-rejtek-2021\/<\/a><\/span><\/p>\n<p><span style=\"color: #ffffff;\"><span style=\"color: #ffcc00;\">07.20.<\/span> \u201e&#8230;nagyon ritka is az ilyen jelleg\u0171 megk\u00f6zel\u00edt\u00e9s, ami v\u00e1llaltan szellemi s\u00edkon gondolkozik&#8230;&#8221; &#8211; Egy \u00fajabb m\u00e9ltat\u00f3 kritika jelent meg a Rejtek lemezzel kapcsolatban az ear.hu online magazinban. H\u00e1l\u00e1san k\u00f6sz\u00f6n\u00f6m sz\u00e9pen az Audiolife Blog szerz\u0151j\u00e9nek a cikket! A m\u00e9ltat\u00e1s itt olvashat\u00f3: <a style=\"color: #ffffff;\" href=\"https:\/\/ear.hu\/?p=10189&amp;fbclid=IwAR2Rrv1tlnXJ38Z4bqjFHS7bHw_SOhCB5PuoGbLP7XSRiOaPP-DKmmObo8g\" target=\"_blank\" rel=\"noopener\">https:\/\/ear.hu\/?p=10189&amp;fbclid=IwAR2Rrv1tlnXJ38Z4bqjFHS7bHw_SOhCB5PuoGbLP7XSRiOaPP-DKmmObo8g<\/a><\/span><\/p>\n<p><span style=\"color: #ffffff;\"><span style=\"color: #ffcc00;\">08:28.<\/span> A Tri\u00f3val a VIII. K\u00e9cskei Dzsessz Tal\u00e1lkoz\u00f3n l\u00e9phett\u00fcnk fel, ahol a nem mindennapi hangszerel\u00e9s\u00fcnkel \u00e1m\u00edtottuk el a tisztelt a hallgat\u00f3s\u00e1got, m\u00e1s kiv\u00e1l\u00f3 elad\u00f3k mellett. K\u00f6sz\u00f6nj\u00fck sz\u00e9pen a lehet\u0151s\u00e9get!<\/span><\/p>\n<p><span style=\"color: #ffffff;\"><span style=\"color: #ffcc00;\">08.25.<\/span> Interj\u00fat adtam Kiss Ferenc Vil\u00e1gzenede Podcast m\u0171sor\u00e1ban, mely itt lent hallhat\u00f3. Mes\u00e9lek a kezdetekr\u0151l, az \u00fadr\u00f3l, az \u00fatr\u00f3l \u00e9s a muzsika miszt\u00e9rium\u00e1r\u00f3l zenei al\u00e1fest\u00e9sekkel. Aj\u00e1nlom szeretettel annak, akit \u00e9rdekelnek a vil\u00e1gunk titkai! Itt meghallgathat\u00f3: <a style=\"color: #ffffff;\" href=\"https:\/\/youtu.be\/TZOlWW4FAOM\" target=\"_blank\" rel=\"noopener\">https:\/\/youtu.be\/TZOlWW4FAOM<\/a><\/span><\/p>\n<p><span style=\"color: #ffffff;\"><span style=\"color: #ffcc00;\">09.18.<\/span> 11:00 Jer, ismerj\u00fck meg egym\u00e1st! &#8211; G\u00fcl Baba Kultur\u00e1lis Fesztiv\u00e1l | Budapest. A felolvas\u00e1son a t\u00f6r\u00f6k Yunus Emre k\u00f6lt\u0151 versei ker\u00fclnek ter\u00edt\u00e9kre zenei al\u00e1fest\u00e9sekkel, k\u00f6zj\u00e1t\u00e9kokkal; \u00fad-dal \u00e9s ney-el. Aznap d\u00e9lut\u00e1n pedig&#8230;Utcazen\u00e9s&#8221; \u00fad sz\u00f3l\u00f3 koncert&amp;vinyl dedik\u00e1l\u00e1s volt a Br\u00f3dy utca\u00fcnnep-en, Budapesten. A Br\u00f3dy S\u00e1ndor utc\u00e1ban, a kultikus Kal\u00f3z Records el\u0151tt adtam egy r\u00f6vid sz\u00f3l\u00f3 koncertet, majd dedik\u00e1ltam a Kara Libanon vinylt, melyet ott a helysz\u00ednen, jut\u00e1nyos \u00e1ron lehetett megv\u00e1s\u00e1rolni a hazai audiofilek nagy gy\u00f6ny\u00f6r\u0171s\u00e9g\u00e9re.<\/span><\/p>\n<p><span style=\"color: #ffffff;\"><span style=\"color: #ffcc00;\">10.24.<\/span> Ezen a napon harmadszor l\u00e1thattam koncerten Anouar Brahem \u0623\u0646\u0648\u0631 \u0627\u0628\u0631\u0627\u0647\u0645 mestert, akinek munk\u00e1ss\u00e1ga adta a l\u00f6k\u00e9st ahhoz, hogy 20 \u00e9vvel ezel\u0151tt elkezdjek arab lanton j\u00e1tszani. A koncert v\u00e9g\u00e9n, a dedik\u00e1l\u00e1s alkalm\u00e1val adhattam egy n\u00e9vre sz\u00f3l\u00f3 p\u00e9ld\u00e1nyt a legut\u00f3bbi Illan\u00e1s lemezemb\u0151l. Nagyon \u00f6r\u00fclt\u00fcnk egym\u00e1snak. H\u00e1l\u00e1san k\u00f6sz\u00f6n\u00f6k mindent, mester! \u00c1ldott napokat!<\/span><\/p>\n<p><span style=\"color: #ffffff;\"><span style=\"color: #ffcc00;\">11.15.<\/span> Lemezaj\u00e1nl\u00e1sok a checkandchoice online zenei foly\u00f3iratban itt:<\/span><br \/>\n<span style=\"color: #ffffff;\"><em><strong><a style=\"color: #ffffff;\" href=\"https:\/\/checkandchoice.com\/szabo-sandor-es-kobza-vajk-kozos-lemezei\/\" target=\"_blank\" rel=\"noopener\">https:\/\/checkandchoice.com\/szabo-sandor-es-kobza-vajk-kozos-lemezei\/<\/a><\/strong><\/em><\/span><\/p>\n<p><span style=\"color: #ffffff;\"><span style=\"color: #ffcc00;\">11.22.<\/span> Zselenszky testv\u00e9r felk\u00e9rt, hogy soron k\u00f6vetkez\u0151 hanganyag\u00e1ban k\u00f6zrem\u0171k\u00f6djek. \u00cdgy k\u00e9sz\u00fclt egy olyan fifik\u00e1s grunge rock lemez, ami l\u00e1tsz\u00f3lag nem az \u00e9n st\u00edlusom, m\u00e9gis, az alap\u00f6tlet annyira elvar\u00e1zsolt, hogy lehetetlen volt r\u00e1 nemet mondani. Az els\u0151 sz\u00e1mban hangz\u00e1sfest\u0151k\u00e9nt j\u00e1tszom \u00fadon, illetve \u00e9n k\u00e9sz\u00edtettem a bor\u00edt\u00f3t is. A premier a L\u00e1ngol\u00f3n volt. Itt a link: <a style=\"color: #ffffff;\" href=\"https:\/\/langolo.hu\/magyarorszagon-nem-tortent-semmi-mondja-zselenszky-egy-ep-n-keresztul\/\" target=\"_blank\" rel=\"noopener\">https:\/\/langolo.hu\/magyarorszagon-nem-tortent-semmi-mondja-zselenszky-egy-ep-n-keresztul\/<\/a><\/span><\/p>\n<p><span style=\"color: #ffffff;\"><span style=\"color: #ffcc00;\">12.23.<\/span> Felker\u00fclt a L\u00e1ngol\u00f3 2021-es aj\u00e1nl\u00e1s\u00e1ba a febru\u00e1rban megjelent Rejtek lemez! H\u00e1l\u00e1san k\u00f6sz\u00f6n\u00f6m sz\u00e9pen! Itt olvashat\u00f3: <a style=\"color: #ffffff;\" href=\"https:\/\/langolo.hu\/2021-es-folk-es-vilagzenei-visszatekinto-de-a-frissen-befutott-lemezeket-is-meghallgattuk\/\" target=\"_blank\" rel=\"noopener\">https:\/\/langolo.hu\/2021-es-folk-es-vilagzenei-visszatekinto-de-a-frissen-befutott-lemezeket-is-meghallgattuk\/<\/a><\/span><\/p>\n<p><span style=\"color: #ffffff;\">Van az a k\u00f6zhely, hogy t\u00f6bben \u00edrnak verset, mint ah\u00e1nyan olvass\u00e1k azokat. Ez r\u00e1m pont nem vonatkozik, ett\u0151l f\u00fcggetlen\u00fcl j\u00f3magam igen term\u00e9keny voltam ezen esztend\u0151ben. A verseket itt olvashatj\u00e1tok: <a style=\"color: #ffffff;\" href=\"https:\/\/www.kobzavajk.com\/web\/category\/iras-es-jel\/\" target=\"_blank\" rel=\"noopener\">https:\/\/www.kobzavajk.com\/web\/category\/iras-es-jel\/<\/a><\/span><\/p>\n<p><span style=\"color: #ffffff;\">Ennyi, dr\u00e1ga hallgat\u00f3im! K\u00f6sz\u00f6n\u00f6m sz\u00e9pen, hogy olvastok, hallgattok!<\/span><br \/>\n<span style=\"color: #ffffff;\">Legyen \u00e1ldott \u00e9s eg\u00e9szs\u00e9ggel teli \u00faj id\u0151nk!<\/span><br \/>\n<span style=\"color: #ffffff;\">\u00c1ld\u00e1s az \u00faton j\u00e1r\u00f3knak!<\/span><br \/>\n<span style=\"color: #ffffff;\">Tisztelettel,<\/span><\/p>\n<p><span style=\"color: #ffffff;\">Kobza Vajk<\/span><\/p>\n","protected":false},"excerpt":{"rendered":"<p>2021-es sz\u00e1mvet\u00e9s Hej! Hatodik \u00e9ve, hogy g\u00f3rcs\u0151 al\u00e1 veszem az el\u0151z\u0151 esztend\u0151 f\u0151bb esem\u00e9nyeit, pillanatait. Nagyon h\u00e1l\u00e1s vagyok nektek, hogy<\/p>\n","protected":false},"author":1,"featured_media":4618,"comment_status":"closed","ping_status":"closed","sticky":false,"template":"","format":"standard","meta":{"footnotes":""},"categories":[1],"tags":[180,116,115,98],"_links":{"self":[{"href":"https:\/\/www.kobzavajk.com\/web\/wp-json\/wp\/v2\/posts\/4617"}],"collection":[{"href":"https:\/\/www.kobzavajk.com\/web\/wp-json\/wp\/v2\/posts"}],"about":[{"href":"https:\/\/www.kobzavajk.com\/web\/wp-json\/wp\/v2\/types\/post"}],"author":[{"embeddable":true,"href":"https:\/\/www.kobzavajk.com\/web\/wp-json\/wp\/v2\/users\/1"}],"replies":[{"embeddable":true,"href":"https:\/\/www.kobzavajk.com\/web\/wp-json\/wp\/v2\/comments?post=4617"}],"version-history":[{"count":0,"href":"https:\/\/www.kobzavajk.com\/web\/wp-json\/wp\/v2\/posts\/4617\/revisions"}],"wp:featuredmedia":[{"embeddable":true,"href":"https:\/\/www.kobzavajk.com\/web\/wp-json\/wp\/v2\/media\/4618"}],"wp:attachment":[{"href":"https:\/\/www.kobzavajk.com\/web\/wp-json\/wp\/v2\/media?parent=4617"}],"wp:term":[{"taxonomy":"category","embeddable":true,"href":"https:\/\/www.kobzavajk.com\/web\/wp-json\/wp\/v2\/categories?post=4617"},{"taxonomy":"post_tag","embeddable":true,"href":"https:\/\/www.kobzavajk.com\/web\/wp-json\/wp\/v2\/tags?post=4617"}],"curies":[{"name":"wp","href":"https:\/\/api.w.org\/{rel}","templated":true}]}}