{"id":4944,"date":"2023-01-09T08:12:14","date_gmt":"2023-01-09T06:12:14","guid":{"rendered":"https:\/\/www.kobzavajk.com\/web\/?p=4944"},"modified":"2023-01-08T12:33:18","modified_gmt":"2023-01-08T10:33:18","slug":"gyorffy-akos-kobza-vajk-gazlo-koncert-magyar-zene-haza-2023-03-09","status":"publish","type":"post","link":"https:\/\/www.kobzavajk.com\/web\/gyorffy-akos-kobza-vajk-gazlo-koncert-magyar-zene-haza-2023-03-09\/","title":{"rendered":"GY\u0150RFFY \u00c1KOS &#038; KOBZA VAJK: G\u00c1ZL\u00d3 koncert | Magyar Zene H\u00e1za | 2023.03.09"},"content":{"rendered":"<p>&nbsp;<\/p>\n<p><span style=\"color: #ffffff;\">Az esem\u00e9ny hivatalos linkje: <a style=\"color: #ffffff;\" href=\"https:\/\/zenehaza.hu\/esemeny\/gyorffy-akos-es-kobza-vajk-gazlo\" target=\"_blank\" rel=\"noopener\">https:\/\/zenehaza.hu\/esemeny\/gyorffy-akos-es-kobza-vajk-gazlo<\/a><\/span><\/p>\n<p><span style=\"color: #ffffff;\">GY\u0150RFFY \u00c1KOS &amp; KOBZA VAJK: G\u00c1ZL\u00d3\u00a0 \u00a0zen\u00e9s-irodalmi est<\/span><\/p>\n<p><span style=\"color: #ffffff;\">Gy\u0151rffy \u00c1kos J\u00f3zsef Attila-d\u00edjas \u00edr\u00f3, k\u00f6lt\u0151, a Bajd\u00e1z\u00f3 zenekar egyik alap\u00edt\u00f3ja, akinek saj\u00e1t form\u00e1ci\u00f3ja a horhos, amely hol egyszem\u00e9lyes zenekark\u00e9nt, hol k\u00e9t-h\u00e1rom taggal kib\u0151v\u00fclve j\u00e1tszik k\u00f6rnyezeti zajokkal elegyes ambientet. Kobza Vajk a haz\u00e1nkban kev\u00e9ss\u00e9 ismert k\u00f6z\u00e9pkori, illetve perzsa eredet\u0171 penget\u0151s hangszereken j\u00e1tszik k\u00e9t \u00e9vtizede, \u00fagymint: az \u00fad (arab lant), baglama, pszalt\u00e9rium, kithara \u00e9s a koboz. A k\u00e9t el\u0151ad\u00f3t \u00f6sszek\u00f6ti a val\u00f3s\u00e1gkutat\u00e1s, a h\u00e9tk\u00f6znapok zaja m\u00f6g\u00f6tti csend megtal\u00e1l\u00e1sa, megragad\u00e1sa, majd elenged\u00e9se. A zen\u00e9t \u00e9s a m\u0171v\u00e9szeteket egyetemes mivoltukban szeml\u00e9lik. Ezen G\u00e1zl\u00f3 c\u00edm\u0171 k\u00f6z\u00f6s szellemi \u00e9s zenei utaz\u00e1suk alkalm\u00e1val, bels\u0151 vil\u00e1guk forr\u00e1s\u00e1hoz kapcsol\u00f3dva fognak t\u00f6rekedni, a mindenben ott l\u00e9tez\u0151 eredend\u0151 megid\u00e9z\u00e9s\u00e9re. Ez az el\u0151ad\u00e1s az els\u0151 k\u00f6z\u00f6s fell\u00e9p\u00e9s\u00fck.<\/span><\/p>\n<p><span style=\"color: #ffffff;\">Gy\u0151rffy \u00c1kosnak eddig h\u00e9t \u00f6n\u00e1ll\u00f3 k\u00f6tete l\u00e1tott napvil\u00e1got, a legut\u00f3bbi A t\u00e1volod\u00e1sban c\u00edmmel a Magvet\u0151 K\u00f6nyvkiad\u00f3n\u00e1l jelent meg 2021-ben. 2010 \u00e9s 2020 k\u00f6z\u00f6tt a Bajd\u00e1z\u00f3 tagja volt, a zenekarban eleinte basszusgit\u00e1ros-\u00fct\u0151hangszeresk\u00e9nt, k\u00e9s\u0151bb \u201ehangsz\u0151nyeg-felel\u0151sk\u00e9nt\u201d vett r\u00e9szt. Saj\u00e1t zenekara a horhos, amely hol egyszem\u00e9lyes zenekark\u00e9nt, hol k\u00e9t-h\u00e1rom taggal kib\u0151v\u00fclve j\u00e1tszik k\u00f6rnyezeti zajokkal elegyes ambientet. A horhos eddig n\u00e9gy lemezt jelentetett meg, ezek k\u00f6z\u00fcl kett\u0151t (Mons \u2013 2015, 7 darab \u2013 2020) a Recorder zenei magazin az \u00e9v magyar albumai k\u00f6z\u00e9 v\u00e1lasztott. Legut\u00f3bbi, Antennis c\u00edm\u0171 lemez\u00fck csak vinylen, sz\u00e1z p\u00e9ld\u00e1nyban jelent meg 2022-ben, a Mana Mana Records kiad\u00e1s\u00e1ban. https:\/\/youtu.be\/cf1FMKcU118 <\/span><\/p>\n<p><span style=\"color: #ffffff;\">Kobza Vajk k\u00e9t \u00e9vtizedig a szentendrei Ny\u00e1ri R\u00e9gizenei Akad\u00e9mia, majd a gy\u0151ri Lant- \u00e9s Git\u00e1rfesztiv\u00e1l hallgat\u00f3ja \u00e9s k\u00e9s\u0151bb el\u0151ad\u00f3ja is. A pillanat teremt\u0151 erej\u00e9b\u0151l fakad\u00f3 r\u00f6gt\u00f6nz\u00e9s az egyik alapja m\u0171v\u00e9szet\u00e9nek. Az eur\u00f3pai zeneeszt\u00e9tika, az orient\u00e1lis j\u00e1t\u00e9ktechnika, a kort\u00e1rs kompoz\u00edci\u00f3s technik\u00e1k, valamint a r\u00e9gi korok hangz\u00e1svil\u00e1ga egyar\u00e1nt hallhat\u00f3ak soksz\u00edn\u0171 el\u0151ad\u00e1s\u00e1ban. Egyedi \u00fad-j\u00e1t\u00e9k\u00e1val elb\u0171v\u00f6lte m\u00e1r Ankara, Isztambul, Berlin, M\u00fcnchen, Krakk\u00f3, B\u00e9cs \u00e9s Salon de Provance zene\u00e9rt\u0151 k\u00f6z\u00f6ns\u00e9g\u00e9t is. Ezid\u00e1ig kilenc nagylemeze jelent meg, 2019-ben pedig egy vinyl a Budabeats Recordsn\u00e1l. https:\/\/youtu.be\/Xpr1xk9PCJM<\/span><\/p>\n<p><span style=\"color: #ffffff;\">Jegyv\u00e1s\u00e1rl\u00e1s: <a style=\"color: #ffffff;\" href=\"https:\/\/ligetplusz.hu\/jegyek\/gazlo-mzh-2023\" target=\"_blank\" rel=\"noopener\">https:\/\/ligetplusz.hu\/jegyek\/gazlo-mzh-2023<\/a><\/span><\/p>\n<p>&nbsp;<\/p>\n","protected":false},"excerpt":{"rendered":"<p>&nbsp; Az esem\u00e9ny hivatalos linkje: https:\/\/zenehaza.hu\/esemeny\/gyorffy-akos-es-kobza-vajk-gazlo GY\u0150RFFY \u00c1KOS &amp; KOBZA VAJK: G\u00c1ZL\u00d3\u00a0 \u00a0zen\u00e9s-irodalmi est Gy\u0151rffy \u00c1kos J\u00f3zsef Attila-d\u00edjas \u00edr\u00f3, k\u00f6lt\u0151,<\/p>\n","protected":false},"author":1,"featured_media":4974,"comment_status":"closed","ping_status":"closed","sticky":false,"template":"","format":"standard","meta":{"footnotes":""},"categories":[1],"tags":[194,178,35,195],"_links":{"self":[{"href":"https:\/\/www.kobzavajk.com\/web\/wp-json\/wp\/v2\/posts\/4944"}],"collection":[{"href":"https:\/\/www.kobzavajk.com\/web\/wp-json\/wp\/v2\/posts"}],"about":[{"href":"https:\/\/www.kobzavajk.com\/web\/wp-json\/wp\/v2\/types\/post"}],"author":[{"embeddable":true,"href":"https:\/\/www.kobzavajk.com\/web\/wp-json\/wp\/v2\/users\/1"}],"replies":[{"embeddable":true,"href":"https:\/\/www.kobzavajk.com\/web\/wp-json\/wp\/v2\/comments?post=4944"}],"version-history":[{"count":0,"href":"https:\/\/www.kobzavajk.com\/web\/wp-json\/wp\/v2\/posts\/4944\/revisions"}],"wp:featuredmedia":[{"embeddable":true,"href":"https:\/\/www.kobzavajk.com\/web\/wp-json\/wp\/v2\/media\/4974"}],"wp:attachment":[{"href":"https:\/\/www.kobzavajk.com\/web\/wp-json\/wp\/v2\/media?parent=4944"}],"wp:term":[{"taxonomy":"category","embeddable":true,"href":"https:\/\/www.kobzavajk.com\/web\/wp-json\/wp\/v2\/categories?post=4944"},{"taxonomy":"post_tag","embeddable":true,"href":"https:\/\/www.kobzavajk.com\/web\/wp-json\/wp\/v2\/tags?post=4944"}],"curies":[{"name":"wp","href":"https:\/\/api.w.org\/{rel}","templated":true}]}}