{"id":5754,"date":"2025-07-13T19:08:20","date_gmt":"2025-07-13T17:08:20","guid":{"rendered":"https:\/\/www.kobzavajk.com\/web\/?p=5754"},"modified":"2025-07-29T19:10:43","modified_gmt":"2025-07-29T17:10:43","slug":"mely-kavics-ej-koromfekete-lett","status":"publish","type":"post","link":"https:\/\/www.kobzavajk.com\/web\/mely-kavics-ej-koromfekete-lett\/","title":{"rendered":"Mely kavics \u00e9j-koromfekete lett"},"content":{"rendered":"<p><span class=\"x193iq5w xeuugli x13faqbe x1vvkbs x10flsy6 x1lliihq x1s928wv xhkezso x1gmr53x x1cpjm7i x1fgarty x1943h6x x4zkp8e x41vudc x6prxxf xvq8zen xo1l8bm xzsf02u x1yc453h\" dir=\"auto\" style=\"color: #ffff00;\">Mely kavics \u00e9j-koromfekete lett<\/span><\/p>\n<p><span style=\"color: #ffffff;\">Hom\u00e1lyos, frissen meszelt szob\u00e1ban fekszik.<\/span><br \/>\n<span style=\"color: #ffffff;\">Tal\u00e1n \u0151 m\u00e1r nem az ap\u00e1m.<\/span><br \/>\n<span style=\"color: #ffffff;\">A t\u00e9boly t\u00e9pte arc\u00fa l\u00e9ny f\u00e9l: lezuhan az \u00e1gyr\u00f3l?<\/span><br \/>\n<span style=\"color: #ffffff;\">K\u00e9pzelt emeletes\u00e9r\u0151l sand\u00edtva b\u00e1mul a m\u00e9lybe.<\/span><br \/>\n<span style=\"color: #ffffff;\">Er\u0151sen kapaszkodik valamibe<\/span><br \/>\n<span style=\"color: #ffffff;\">s \u00e9rezhet\u0151en \u0151 sem tudja mibe,<\/span><br \/>\n<span style=\"color: #ffffff;\">ami szikla-nagy \u00e1rny\u00e9kk\u00e9nt vet\u00fcl<\/span><br \/>\n<span style=\"color: #ffffff;\">m\u00e9g \u00e9pp csontjaira.<\/span><br \/>\n<span style=\"color: #ffffff;\">Hirtelen nem tudom ki tudhatja:<\/span><br \/>\n<span style=\"color: #ffffff;\">mit ragadtam el f\u00e1tyolos tekintet\u00e9b\u0151l?<\/span><br \/>\n<span style=\"color: #ffffff;\">De m\u00e1r alkonyatkor nyomni kezdett<\/span><br \/>\n<span style=\"color: #ffffff;\">s oda\u00e1t, elv\u00e1lasztva k\u00e9t serpeny\u0151ben<\/span><br \/>\n<span style=\"color: #ffffff;\">feh\u00e9r &#8211; fekete kavicsok halmoz\u00f3dtak.<\/span><br \/>\n<span style=\"color: #ffffff;\">Mely kavics \u00e9j-koromfekete lett<\/span><br \/>\n<span style=\"color: #ffffff;\">(k\u00edv\u00fclr\u0151l l\u00e1that\u00f3an bennem n\u0151tt)<\/span><br \/>\n<span style=\"color: #ffffff;\">a tehetetlen \u00e9s telhetetlen d\u00fch<\/span><br \/>\n<span style=\"color: #ffffff;\">porszemcs\u00e9ib\u0151l, egyszer csak<\/span><br \/>\n<span style=\"color: #ffffff;\">ep\u00e9v\u00e9 \u00f6sszeragadt.<\/span><br \/>\n<span style=\"color: #ffffff;\">M\u00e1r fogy a hold mihelyst \u00e1lomban<\/span><br \/>\n<span style=\"color: #ffffff;\">az \u00e1rt\u00f3-ront\u00f3k epekednek kicsalni t\u0151lem<\/span><br \/>\n<span style=\"color: #ffffff;\">hib\u00e1im s v\u00e9gzetes t\u00e9ved\u00e9seim.<\/span><br \/>\n<span style=\"color: #ffffff;\">A haragv\u00f3k fels\u0151 fogsora als\u00f3 ajkukba harap,<\/span><br \/>\n<span style=\"color: #ffffff;\">m\u00edg v\u00e9g\u00fcl m\u00e9rlegelik a kavicsokat.<\/span><br \/>\n<span style=\"color: #ffffff;\">Melyik s\u00falyosabb, melyb\u0151l van t\u00f6bb?<\/span><br \/>\n<span style=\"color: #ffffff;\">A k\u0151, mely koromfeket\u00e9n n\u0151tt bennem:<\/span><br \/>\n<span style=\"color: #ffffff;\">indulatb\u00f3l, t\u00e9ves l\u00e1t\u00e1sm\u00f3db\u00f3l szaladt \u00f6ssze.<\/span><br \/>\n<span style=\"color: #ffffff;\">Most a gondolatok is elvet\u00e9lnek<\/span><br \/>\n<span style=\"color: #ffffff;\">felszak\u00edtva a kij\u00e1ratot.<\/span><br \/>\n<span style=\"color: #ffffff;\">Nincs m\u00e1s fegyverem csak ez a gy\u00e9m\u00e1nt t\u0151r,<\/span><br \/>\n<span style=\"color: #ffffff;\">mely elv\u00e1gja a nem-tud\u00e1st \u00e9s felismeri,<\/span><br \/>\n<span style=\"color: #ffffff;\">hogy ezek ottan mind nem \u0151k!<\/span><br \/>\n<span style=\"color: #ffffff;\">Utols\u00f3 sz\u00e1lig teremtm\u00e9nyeim!<\/span><br \/>\n<span style=\"color: #ffffff;\">V\u00e9rtengeren lovagolunk mindah\u00e1nyan<\/span><br \/>\n<span style=\"color: #ffffff;\">\u00e9s a f\u00e1k gerinc\u00e9t v\u00e9g\u00fcl elroppant\u00f3,<\/span><br \/>\n<span style=\"color: #ffffff;\">tombol\u00f3 sz\u00e9l hagyja el utolj\u00e1ra<\/span><br \/>\n<span style=\"color: #ffffff;\">k\u00e9pzelt vil\u00e1gunkat.<\/span><\/p>\n<p><span style=\"color: #ffffff;\">2025.07.13 K.V.<\/span><\/p>\n","protected":false},"excerpt":{"rendered":"<p>Mely kavics \u00e9j-koromfekete lett Hom\u00e1lyos, frissen meszelt szob\u00e1ban fekszik. Tal\u00e1n \u0151 m\u00e1r nem az ap\u00e1m. A t\u00e9boly t\u00e9pte arc\u00fa l\u00e9ny<\/p>\n","protected":false},"author":1,"featured_media":0,"comment_status":"closed","ping_status":"closed","sticky":false,"template":"","format":"standard","meta":{"footnotes":""},"categories":[30],"tags":[206,110,38],"_links":{"self":[{"href":"https:\/\/www.kobzavajk.com\/web\/wp-json\/wp\/v2\/posts\/5754"}],"collection":[{"href":"https:\/\/www.kobzavajk.com\/web\/wp-json\/wp\/v2\/posts"}],"about":[{"href":"https:\/\/www.kobzavajk.com\/web\/wp-json\/wp\/v2\/types\/post"}],"author":[{"embeddable":true,"href":"https:\/\/www.kobzavajk.com\/web\/wp-json\/wp\/v2\/users\/1"}],"replies":[{"embeddable":true,"href":"https:\/\/www.kobzavajk.com\/web\/wp-json\/wp\/v2\/comments?post=5754"}],"version-history":[{"count":2,"href":"https:\/\/www.kobzavajk.com\/web\/wp-json\/wp\/v2\/posts\/5754\/revisions"}],"predecessor-version":[{"id":5756,"href":"https:\/\/www.kobzavajk.com\/web\/wp-json\/wp\/v2\/posts\/5754\/revisions\/5756"}],"wp:attachment":[{"href":"https:\/\/www.kobzavajk.com\/web\/wp-json\/wp\/v2\/media?parent=5754"}],"wp:term":[{"taxonomy":"category","embeddable":true,"href":"https:\/\/www.kobzavajk.com\/web\/wp-json\/wp\/v2\/categories?post=5754"},{"taxonomy":"post_tag","embeddable":true,"href":"https:\/\/www.kobzavajk.com\/web\/wp-json\/wp\/v2\/tags?post=5754"}],"curies":[{"name":"wp","href":"https:\/\/api.w.org\/{rel}","templated":true}]}}