{"id":5764,"date":"2025-07-31T13:35:21","date_gmt":"2025-07-31T11:35:21","guid":{"rendered":"https:\/\/www.kobzavajk.com\/web\/?p=5764"},"modified":"2025-08-15T13:37:05","modified_gmt":"2025-08-15T11:37:05","slug":"foszlas-dobbanas","status":"publish","type":"post","link":"https:\/\/www.kobzavajk.com\/web\/foszlas-dobbanas\/","title":{"rendered":"Foszl\u00e1s, dobban\u00e1s"},"content":{"rendered":"<p><span style=\"color: #ffff00;\">Foszl\u00e1s, dobban\u00e1s<\/span><\/p>\n<p><span style=\"color: #ffffff;\">Fekete vitorl\u00e1k h\u00fazz\u00e1k a rozsd\u00e1z\u00f3 horgonyt<\/span><br \/>\n<span style=\"color: #ffffff;\">a t\u00e1volban felbukkan\u00f3 l\u00e1gy alak l\u00e1tt\u00e1n.<\/span><br \/>\n<span style=\"color: #ffffff;\">Tudj\u00e1k: meghal, aki tegnapba t\u00e9ved.<\/span><br \/>\n<span style=\"color: #ffffff;\">M\u00e9ly horgok t\u00e9p\u0151dnek ki kacajodt\u00f3l.<\/span><br \/>\n<span style=\"color: #ffffff;\">A horgolt test beteg sz\u00e1lai ki\u00e1ltva foszlanak,<\/span><br \/>\n<span style=\"color: #ffffff;\">amint sejtek ny\u00fajt\u00f3znak f\u00e9nyl\u0151 eledel\u00e9rt.<\/span><br \/>\n<span style=\"color: #ffffff;\">Derengve vil\u00e1glanak \u00e1t sz\u00e1molatlan,<\/span><br \/>\n<span style=\"color: #ffffff;\">rejtezni v\u00e1gyott s\u00f6t\u00e9t fi\u00f3kok a sz\u00edv alatt.<\/span><br \/>\n<span style=\"color: #ffffff;\">Dobban\u00e1s. \u00c9s \u00fajra dobban\u00e1s.<\/span><br \/>\n<span style=\"color: #ffffff;\">\u00c1tremegek pillanatr\u00f3l pillanatra.<\/span><br \/>\n<span style=\"color: #ffffff;\">Nem tudom volt-e \u00e9l\u0151,<\/span><br \/>\n<span style=\"color: #ffffff;\">ki el\u0151tt ennyire csupasz lettem volna, v\u00e9dtelen?!<\/span><br \/>\n<span style=\"color: #ffffff;\">\u00d3vatos, meleg k\u00e9z indul r\u00e9zs\u00fatos \u00fatnak<\/span><br \/>\n<span style=\"color: #ffffff;\">s holnapunkba \u00e1tcir\u00f3gat, amint elk\u00e9pzelem.<\/span><\/p>\n<p><span style=\"color: #ffffff;\">2025.07.31 K.V.<\/span><\/p>\n","protected":false},"excerpt":{"rendered":"<p>Foszl\u00e1s, dobban\u00e1s Fekete vitorl\u00e1k h\u00fazz\u00e1k a rozsd\u00e1z\u00f3 horgonyt a t\u00e1volban felbukkan\u00f3 l\u00e1gy alak l\u00e1tt\u00e1n. Tudj\u00e1k: meghal, aki tegnapba t\u00e9ved. M\u00e9ly<\/p>\n","protected":false},"author":1,"featured_media":0,"comment_status":"closed","ping_status":"closed","sticky":false,"template":"","format":"standard","meta":{"footnotes":""},"categories":[30],"tags":[206,110,38],"_links":{"self":[{"href":"https:\/\/www.kobzavajk.com\/web\/wp-json\/wp\/v2\/posts\/5764"}],"collection":[{"href":"https:\/\/www.kobzavajk.com\/web\/wp-json\/wp\/v2\/posts"}],"about":[{"href":"https:\/\/www.kobzavajk.com\/web\/wp-json\/wp\/v2\/types\/post"}],"author":[{"embeddable":true,"href":"https:\/\/www.kobzavajk.com\/web\/wp-json\/wp\/v2\/users\/1"}],"replies":[{"embeddable":true,"href":"https:\/\/www.kobzavajk.com\/web\/wp-json\/wp\/v2\/comments?post=5764"}],"version-history":[{"count":2,"href":"https:\/\/www.kobzavajk.com\/web\/wp-json\/wp\/v2\/posts\/5764\/revisions"}],"predecessor-version":[{"id":5796,"href":"https:\/\/www.kobzavajk.com\/web\/wp-json\/wp\/v2\/posts\/5764\/revisions\/5796"}],"wp:attachment":[{"href":"https:\/\/www.kobzavajk.com\/web\/wp-json\/wp\/v2\/media?parent=5764"}],"wp:term":[{"taxonomy":"category","embeddable":true,"href":"https:\/\/www.kobzavajk.com\/web\/wp-json\/wp\/v2\/categories?post=5764"},{"taxonomy":"post_tag","embeddable":true,"href":"https:\/\/www.kobzavajk.com\/web\/wp-json\/wp\/v2\/tags?post=5764"}],"curies":[{"name":"wp","href":"https:\/\/api.w.org\/{rel}","templated":true}]}}