{"id":5776,"date":"2025-10-14T20:36:46","date_gmt":"2025-10-14T18:36:46","guid":{"rendered":"https:\/\/www.kobzavajk.com\/web\/?p=5776"},"modified":"2025-10-14T20:36:46","modified_gmt":"2025-10-14T18:36:46","slug":"az-el-nem-sugott-titkos-utat-mutatjak","status":"publish","type":"post","link":"https:\/\/www.kobzavajk.com\/web\/az-el-nem-sugott-titkos-utat-mutatjak\/","title":{"rendered":"Az el nem s\u00fagott, titkos utat mutatj\u00e1k"},"content":{"rendered":"<p><span style=\"color: #ffff00;\">Az el nem s\u00fagott, titkos utat mutatj\u00e1k<\/span><\/p>\n<p><span style=\"color: #ffffff;\">&#8230;csak \u00fagy elsuhan felettem s feletted!<\/span><br \/>\n<span style=\"color: #ffffff;\">Bel\u00e9nk b\u00fajva didereg, bens\u0151nkben<\/span><br \/>\n<span style=\"color: #ffffff;\">tekeregve mormolja kinccsel teli neved.<\/span><br \/>\n<span style=\"color: #ffffff;\">Nevet\u00e9sed zsong\u00edt s val\u00f3 vil\u00e1goss\u00e1gba h\u00fazva,<\/span><br \/>\n<span style=\"color: #ffffff;\">t\u00e1vol\u00edtva b\u00f3d\u00edt. A hazug m\u00e9g er\u0151lk\u00f6dik.<\/span><br \/>\n<span style=\"color: #ffffff;\">N\u00e9zd! R\u00e1nk h\u00fazott, avitt, v\u00e9rz\u0151 k\u00f6nt\u00f6s-vil\u00e1g\u00e1t<\/span><br \/>\n<span style=\"color: #ffffff;\">s\u00f3s lehelettel, k\u00f6nnyek k\u00f6z\u00f6tt teleny\u00f6gi.<\/span><br \/>\n<span style=\"color: #ffffff;\">De te sem vagy t\u00e9tlen, sud\u00e1r vadr\u00f3zsasz\u00e1l:<\/span><br \/>\n<span style=\"color: #ffffff;\">l\u00e1gy szirmaid, gy\u00f6ngyeid el\u0151tt e megrogyott vil\u00e1g!<\/span><br \/>\n<span style=\"color: #ffffff;\">\u00c1lomban kezeim k\u00f6zt, hajdani p\u00e1r sziromt\u00e9p\u0151d senyved,<\/span><br \/>\n<span style=\"color: #ffffff;\">m\u00edg \u00e9bren puha cs\u00f3kok j\u00e1rnak s gyeng\u00e9d sim\u00edt\u00e1s.<\/span><br \/>\n<span style=\"color: #ffffff;\">Csobog\u00f3 k\u00fat vagy siv\u00e1r hegyek k\u00f6z\u00f6tt. \u00c9s m\u00e1ra<\/span><br \/>\n<span style=\"color: #ffffff;\">sz\u00edvemnek az el nem s\u00fagott, titkos utat mutatj\u00e1k<\/span><br \/>\n<span style=\"color: #ffffff;\">a szemeidben csillagk\u00e9nt felragyog\u00f3 v\u00e1gy-hieroglif\u00e1k.<\/span><\/p>\n<p><span style=\"color: #ffffff;\">2025.10.14 K.V.<\/span><\/p>\n","protected":false},"excerpt":{"rendered":"<p>Az el nem s\u00fagott, titkos utat mutatj\u00e1k &#8230;csak \u00fagy elsuhan felettem s feletted! Bel\u00e9nk b\u00fajva didereg, bens\u0151nkben tekeregve mormolja kinccsel<\/p>\n","protected":false},"author":1,"featured_media":0,"comment_status":"closed","ping_status":"closed","sticky":false,"template":"","format":"standard","meta":{"footnotes":""},"categories":[30],"tags":[206,110,38],"_links":{"self":[{"href":"https:\/\/www.kobzavajk.com\/web\/wp-json\/wp\/v2\/posts\/5776"}],"collection":[{"href":"https:\/\/www.kobzavajk.com\/web\/wp-json\/wp\/v2\/posts"}],"about":[{"href":"https:\/\/www.kobzavajk.com\/web\/wp-json\/wp\/v2\/types\/post"}],"author":[{"embeddable":true,"href":"https:\/\/www.kobzavajk.com\/web\/wp-json\/wp\/v2\/users\/1"}],"replies":[{"embeddable":true,"href":"https:\/\/www.kobzavajk.com\/web\/wp-json\/wp\/v2\/comments?post=5776"}],"version-history":[{"count":2,"href":"https:\/\/www.kobzavajk.com\/web\/wp-json\/wp\/v2\/posts\/5776\/revisions"}],"predecessor-version":[{"id":5778,"href":"https:\/\/www.kobzavajk.com\/web\/wp-json\/wp\/v2\/posts\/5776\/revisions\/5778"}],"wp:attachment":[{"href":"https:\/\/www.kobzavajk.com\/web\/wp-json\/wp\/v2\/media?parent=5776"}],"wp:term":[{"taxonomy":"category","embeddable":true,"href":"https:\/\/www.kobzavajk.com\/web\/wp-json\/wp\/v2\/categories?post=5776"},{"taxonomy":"post_tag","embeddable":true,"href":"https:\/\/www.kobzavajk.com\/web\/wp-json\/wp\/v2\/tags?post=5776"}],"curies":[{"name":"wp","href":"https:\/\/api.w.org\/{rel}","templated":true}]}}